{"id":1935,"date":"2018-01-24T16:38:57","date_gmt":"2018-01-24T16:38:57","guid":{"rendered":"http:\/\/www.blogdelflorista.es\/?p=1935"},"modified":"2018-01-24T16:38:57","modified_gmt":"2018-01-24T16:38:57","slug":"como-secar-ramos-de-novia-por-gloria-cid","status":"publish","type":"post","link":"https:\/\/www.blogdelflorista.es\/index.php\/2018\/01\/24\/como-secar-ramos-de-novia-por-gloria-cid\/","title":{"rendered":"C\u00f3mo secar ramos de novia, por Gloria Cid"},"content":{"rendered":"<div id='gallery-1' class='gallery galleryid-1935 gallery-columns-2 gallery-size-large'><figure class='gallery-item'>\n\t\t\t<div class='gallery-icon portrait'>\n\t\t\t\t<a href='https:\/\/www.blogdelflorista.es\/index.php\/2018\/01\/24\/como-secar-ramos-de-novia-por-gloria-cid\/3-baja-gloria-img_8421\/'><img width=\"474\" height=\"712\" src=\"https:\/\/www.blogdelflorista.es\/wp-content\/uploads\/2018\/01\/3.-baja-Gloria-IMG_8421-682x1024.jpg\" class=\"attachment-large size-large\" alt=\"\" loading=\"lazy\" aria-describedby=\"gallery-1-1944\" srcset=\"https:\/\/www.blogdelflorista.es\/wp-content\/uploads\/2018\/01\/3.-baja-Gloria-IMG_8421-682x1024.jpg 682w, https:\/\/www.blogdelflorista.es\/wp-content\/uploads\/2018\/01\/3.-baja-Gloria-IMG_8421-200x300.jpg 200w, https:\/\/www.blogdelflorista.es\/wp-content\/uploads\/2018\/01\/3.-baja-Gloria-IMG_8421-768x1152.jpg 768w, https:\/\/www.blogdelflorista.es\/wp-content\/uploads\/2018\/01\/3.-baja-Gloria-IMG_8421.jpg 1037w\" sizes=\"(max-width: 474px) 100vw, 474px\" \/><\/a>\n\t\t\t<\/div>\n\t\t\t\t<figcaption class='wp-caption-text gallery-caption' id='gallery-1-1944'>\n\t\t\t\tRamo de Gloria Cid\n\t\t\t\t<\/figcaption><\/figure><figure class='gallery-item'>\n\t\t\t<div class='gallery-icon portrait'>\n\t\t\t\t<a href='https:\/\/www.blogdelflorista.es\/index.php\/2018\/01\/24\/como-secar-ramos-de-novia-por-gloria-cid\/2-baja-gloria-img_8410\/'><img width=\"474\" height=\"712\" src=\"https:\/\/www.blogdelflorista.es\/wp-content\/uploads\/2018\/01\/2.-baja-Gloria-IMG_8410-682x1024.jpg\" class=\"attachment-large size-large\" alt=\"\" loading=\"lazy\" aria-describedby=\"gallery-1-1942\" srcset=\"https:\/\/www.blogdelflorista.es\/wp-content\/uploads\/2018\/01\/2.-baja-Gloria-IMG_8410-682x1024.jpg 682w, https:\/\/www.blogdelflorista.es\/wp-content\/uploads\/2018\/01\/2.-baja-Gloria-IMG_8410-200x300.jpg 200w, https:\/\/www.blogdelflorista.es\/wp-content\/uploads\/2018\/01\/2.-baja-Gloria-IMG_8410-768x1152.jpg 768w, https:\/\/www.blogdelflorista.es\/wp-content\/uploads\/2018\/01\/2.-baja-Gloria-IMG_8410.jpg 1037w\" sizes=\"(max-width: 474px) 100vw, 474px\" \/><\/a>\n\t\t\t<\/div>\n\t\t\t\t<figcaption class='wp-caption-text gallery-caption' id='gallery-1-1942'>\n\t\t\t\tRamo de Gloria Cid\n\t\t\t\t<\/figcaption><\/figure>\n\t\t<\/div>\n\n<p>Los d\u00edas 8 y 9 de enero hemos tenido a Gloria Cid en las instalaciones de Flores El Cal\u00e9 en Mercavalencia, impartiendo el curso \u201cSecado de Ramos de Novia\u201d.<\/p>\n<p>Los alumnos asistentes quedaban gratamente complacidos con esta experiencia, que les ha proporcionado herramientas para manejarse con soltura en el secado de flores y su conservaci\u00f3n, as\u00ed como en el propio secado de ramos de novia.<\/p>\n<div id='gallery-2' class='gallery galleryid-1935 gallery-columns-4 gallery-size-thumbnail'><figure class='gallery-item'>\n\t\t\t<div class='gallery-icon landscape'>\n\t\t\t\t<a href='https:\/\/www.blogdelflorista.es\/index.php\/2018\/01\/24\/como-secar-ramos-de-novia-por-gloria-cid\/baja-img_8270\/'><img width=\"150\" height=\"150\" src=\"https:\/\/www.blogdelflorista.es\/wp-content\/uploads\/2018\/01\/baja-IMG_8270-150x150.jpg\" class=\"attachment-thumbnail size-thumbnail\" alt=\"\" loading=\"lazy\" aria-describedby=\"gallery-2-1955\" \/><\/a>\n\t\t\t<\/div>\n\t\t\t\t<figcaption class='wp-caption-text gallery-caption' id='gallery-2-1955'>\n\t\t\t\tProtagonistas\n\t\t\t\t<\/figcaption><\/figure><figure class='gallery-item'>\n\t\t\t<div class='gallery-icon landscape'>\n\t\t\t\t<a href='https:\/\/www.blogdelflorista.es\/index.php\/2018\/01\/24\/como-secar-ramos-de-novia-por-gloria-cid\/baja-img_8259\/'><img width=\"150\" height=\"150\" src=\"https:\/\/www.blogdelflorista.es\/wp-content\/uploads\/2018\/01\/baja-IMG_8259-150x150.jpg\" class=\"attachment-thumbnail size-thumbnail\" alt=\"\" loading=\"lazy\" aria-describedby=\"gallery-2-1954\" \/><\/a>\n\t\t\t<\/div>\n\t\t\t\t<figcaption class='wp-caption-text gallery-caption' id='gallery-2-1954'>\n\t\t\t\tProtagonistas\n\t\t\t\t<\/figcaption><\/figure><figure class='gallery-item'>\n\t\t\t<div class='gallery-icon landscape'>\n\t\t\t\t<a href='https:\/\/www.blogdelflorista.es\/index.php\/2018\/01\/24\/como-secar-ramos-de-novia-por-gloria-cid\/baja-img_8280\/'><img width=\"150\" height=\"150\" src=\"https:\/\/www.blogdelflorista.es\/wp-content\/uploads\/2018\/01\/baja-IMG_8280-150x150.jpg\" class=\"attachment-thumbnail size-thumbnail\" alt=\"\" loading=\"lazy\" aria-describedby=\"gallery-2-1956\" \/><\/a>\n\t\t\t<\/div>\n\t\t\t\t<figcaption class='wp-caption-text gallery-caption' id='gallery-2-1956'>\n\t\t\t\tProtagonistas\n\t\t\t\t<\/figcaption><\/figure><figure class='gallery-item'>\n\t\t\t<div class='gallery-icon landscape'>\n\t\t\t\t<a href='https:\/\/www.blogdelflorista.es\/index.php\/2018\/01\/24\/como-secar-ramos-de-novia-por-gloria-cid\/baja-img_8289\/'><img width=\"150\" height=\"150\" src=\"https:\/\/www.blogdelflorista.es\/wp-content\/uploads\/2018\/01\/baja-IMG_8289-150x150.jpg\" class=\"attachment-thumbnail size-thumbnail\" alt=\"\" loading=\"lazy\" aria-describedby=\"gallery-2-1957\" \/><\/a>\n\t\t\t<\/div>\n\t\t\t\t<figcaption class='wp-caption-text gallery-caption' id='gallery-2-1957'>\n\t\t\t\tProtagonistas\n\t\t\t\t<\/figcaption><\/figure><figure class='gallery-item'>\n\t\t\t<div class='gallery-icon landscape'>\n\t\t\t\t<a href='https:\/\/www.blogdelflorista.es\/index.php\/2018\/01\/24\/como-secar-ramos-de-novia-por-gloria-cid\/baja-img_8487\/'><img width=\"150\" height=\"150\" src=\"https:\/\/www.blogdelflorista.es\/wp-content\/uploads\/2018\/01\/baja-IMG_8487-150x150.jpg\" class=\"attachment-thumbnail size-thumbnail\" alt=\"\" loading=\"lazy\" aria-describedby=\"gallery-2-1962\" \/><\/a>\n\t\t\t<\/div>\n\t\t\t\t<figcaption class='wp-caption-text gallery-caption' id='gallery-2-1962'>\n\t\t\t\tProtagonistas\n\t\t\t\t<\/figcaption><\/figure><figure class='gallery-item'>\n\t\t\t<div class='gallery-icon landscape'>\n\t\t\t\t<a href='https:\/\/www.blogdelflorista.es\/index.php\/2018\/01\/24\/como-secar-ramos-de-novia-por-gloria-cid\/baja-img_8375\/'><img width=\"150\" height=\"150\" src=\"https:\/\/www.blogdelflorista.es\/wp-content\/uploads\/2018\/01\/baja-IMG_8375-150x150.jpg\" class=\"attachment-thumbnail size-thumbnail\" alt=\"\" loading=\"lazy\" aria-describedby=\"gallery-2-1960\" \/><\/a>\n\t\t\t<\/div>\n\t\t\t\t<figcaption class='wp-caption-text gallery-caption' id='gallery-2-1960'>\n\t\t\t\tProtagonistas\n\t\t\t\t<\/figcaption><\/figure><figure class='gallery-item'>\n\t\t\t<div class='gallery-icon landscape'>\n\t\t\t\t<a href='https:\/\/www.blogdelflorista.es\/index.php\/2018\/01\/24\/como-secar-ramos-de-novia-por-gloria-cid\/baja-img_8449\/'><img width=\"150\" height=\"150\" src=\"https:\/\/www.blogdelflorista.es\/wp-content\/uploads\/2018\/01\/baja-IMG_8449-150x150.jpg\" class=\"attachment-thumbnail size-thumbnail\" alt=\"\" loading=\"lazy\" aria-describedby=\"gallery-2-1961\" \/><\/a>\n\t\t\t<\/div>\n\t\t\t\t<figcaption class='wp-caption-text gallery-caption' id='gallery-2-1961'>\n\t\t\t\tProtagonistas\n\t\t\t\t<\/figcaption><\/figure><figure class='gallery-item'>\n\t\t\t<div class='gallery-icon landscape'>\n\t\t\t\t<a href='https:\/\/www.blogdelflorista.es\/index.php\/2018\/01\/24\/como-secar-ramos-de-novia-por-gloria-cid\/baja-img_8553\/'><img width=\"150\" height=\"150\" src=\"https:\/\/www.blogdelflorista.es\/wp-content\/uploads\/2018\/01\/baja-IMG_8553-150x150.jpg\" class=\"attachment-thumbnail size-thumbnail\" alt=\"\" loading=\"lazy\" aria-describedby=\"gallery-2-1968\" \/><\/a>\n\t\t\t<\/div>\n\t\t\t\t<figcaption class='wp-caption-text gallery-caption' id='gallery-2-1968'>\n\t\t\t\tProtagonistas\n\t\t\t\t<\/figcaption><\/figure><figure class='gallery-item'>\n\t\t\t<div class='gallery-icon landscape'>\n\t\t\t\t<a href='https:\/\/www.blogdelflorista.es\/index.php\/2018\/01\/24\/como-secar-ramos-de-novia-por-gloria-cid\/baja-img_8564\/'><img width=\"150\" height=\"150\" src=\"https:\/\/www.blogdelflorista.es\/wp-content\/uploads\/2018\/01\/baja-IMG_8564-150x150.jpg\" class=\"attachment-thumbnail size-thumbnail\" alt=\"\" loading=\"lazy\" aria-describedby=\"gallery-2-1969\" \/><\/a>\n\t\t\t<\/div>\n\t\t\t\t<figcaption class='wp-caption-text gallery-caption' id='gallery-2-1969'>\n\t\t\t\tProtagonistas\n\t\t\t\t<\/figcaption><\/figure><figure class='gallery-item'>\n\t\t\t<div class='gallery-icon landscape'>\n\t\t\t\t<a href='https:\/\/www.blogdelflorista.es\/index.php\/2018\/01\/24\/como-secar-ramos-de-novia-por-gloria-cid\/baja-img_8497\/'><img width=\"150\" height=\"150\" src=\"https:\/\/www.blogdelflorista.es\/wp-content\/uploads\/2018\/01\/baja-IMG_8497-150x150.jpg\" class=\"attachment-thumbnail size-thumbnail\" alt=\"\" loading=\"lazy\" aria-describedby=\"gallery-2-1965\" \/><\/a>\n\t\t\t<\/div>\n\t\t\t\t<figcaption class='wp-caption-text gallery-caption' id='gallery-2-1965'>\n\t\t\t\tProtagonistas\n\t\t\t\t<\/figcaption><\/figure><figure class='gallery-item'>\n\t\t\t<div class='gallery-icon landscape'>\n\t\t\t\t<a href='https:\/\/www.blogdelflorista.es\/index.php\/2018\/01\/24\/como-secar-ramos-de-novia-por-gloria-cid\/baja-img_8492\/'><img width=\"150\" height=\"150\" src=\"https:\/\/www.blogdelflorista.es\/wp-content\/uploads\/2018\/01\/baja-IMG_8492-150x150.jpg\" class=\"attachment-thumbnail size-thumbnail\" alt=\"\" loading=\"lazy\" aria-describedby=\"gallery-2-1963\" \/><\/a>\n\t\t\t<\/div>\n\t\t\t\t<figcaption class='wp-caption-text gallery-caption' id='gallery-2-1963'>\n\t\t\t\tProtagonistas\n\t\t\t\t<\/figcaption><\/figure><figure class='gallery-item'>\n\t\t\t<div class='gallery-icon landscape'>\n\t\t\t\t<a href='https:\/\/www.blogdelflorista.es\/index.php\/2018\/01\/24\/como-secar-ramos-de-novia-por-gloria-cid\/baja-img_8500\/'><img width=\"150\" height=\"150\" src=\"https:\/\/www.blogdelflorista.es\/wp-content\/uploads\/2018\/01\/baja-IMG_8500-150x150.jpg\" class=\"attachment-thumbnail size-thumbnail\" alt=\"\" loading=\"lazy\" aria-describedby=\"gallery-2-1966\" \/><\/a>\n\t\t\t<\/div>\n\t\t\t\t<figcaption class='wp-caption-text gallery-caption' id='gallery-2-1966'>\n\t\t\t\tProtagonistas\n\t\t\t\t<\/figcaption><\/figure><figure class='gallery-item'>\n\t\t\t<div class='gallery-icon landscape'>\n\t\t\t\t<a href='https:\/\/www.blogdelflorista.es\/index.php\/2018\/01\/24\/como-secar-ramos-de-novia-por-gloria-cid\/baja-img_8502\/'><img width=\"150\" height=\"150\" src=\"https:\/\/www.blogdelflorista.es\/wp-content\/uploads\/2018\/01\/baja-IMG_8502-150x150.jpg\" class=\"attachment-thumbnail size-thumbnail\" alt=\"\" loading=\"lazy\" aria-describedby=\"gallery-2-1967\" \/><\/a>\n\t\t\t<\/div>\n\t\t\t\t<figcaption class='wp-caption-text gallery-caption' id='gallery-2-1967'>\n\t\t\t\tProtagonistas\n\t\t\t\t<\/figcaption><\/figure><figure class='gallery-item'>\n\t\t\t<div class='gallery-icon landscape'>\n\t\t\t\t<a href='https:\/\/www.blogdelflorista.es\/index.php\/2018\/01\/24\/como-secar-ramos-de-novia-por-gloria-cid\/baja-img_8338\/'><img width=\"150\" height=\"150\" src=\"https:\/\/www.blogdelflorista.es\/wp-content\/uploads\/2018\/01\/baja-IMG_8338-150x150.jpg\" class=\"attachment-thumbnail size-thumbnail\" alt=\"\" loading=\"lazy\" aria-describedby=\"gallery-2-1959\" \/><\/a>\n\t\t\t<\/div>\n\t\t\t\t<figcaption class='wp-caption-text gallery-caption' id='gallery-2-1959'>\n\t\t\t\tProtagonistas\n\t\t\t\t<\/figcaption><\/figure><figure class='gallery-item'>\n\t\t\t<div class='gallery-icon landscape'>\n\t\t\t\t<a href='https:\/\/www.blogdelflorista.es\/index.php\/2018\/01\/24\/como-secar-ramos-de-novia-por-gloria-cid\/baja-img_8493\/'><img width=\"150\" height=\"150\" src=\"https:\/\/www.blogdelflorista.es\/wp-content\/uploads\/2018\/01\/baja-IMG_8493-150x150.jpg\" class=\"attachment-thumbnail size-thumbnail\" alt=\"\" loading=\"lazy\" aria-describedby=\"gallery-2-1964\" \/><\/a>\n\t\t\t<\/div>\n\t\t\t\t<figcaption class='wp-caption-text gallery-caption' id='gallery-2-1964'>\n\t\t\t\tProtagonistas\n\t\t\t\t<\/figcaption><\/figure><figure class='gallery-item'>\n\t\t\t<div class='gallery-icon landscape'>\n\t\t\t\t<a href='https:\/\/www.blogdelflorista.es\/index.php\/2018\/01\/24\/como-secar-ramos-de-novia-por-gloria-cid\/baja-recort-img_8294\/'><img width=\"150\" height=\"150\" src=\"https:\/\/www.blogdelflorista.es\/wp-content\/uploads\/2018\/01\/baja-recort-IMG_8294-150x150.jpg\" class=\"attachment-thumbnail size-thumbnail\" alt=\"\" loading=\"lazy\" aria-describedby=\"gallery-2-2011\" \/><\/a>\n\t\t\t<\/div>\n\t\t\t\t<figcaption class='wp-caption-text gallery-caption' id='gallery-2-2011'>\n\t\t\t\tprotagonistas\n\t\t\t\t<\/figcaption><\/figure>\n\t\t<\/div>\n\n<p>&nbsp;<\/p>\n<p><strong>Productos que mejoran el resultado final<\/strong><\/p>\n<p>La profesora nos explicaba que \u201cante la nueva demanda de las novias, que quieren conservar su ramo o entregarlo a seres queridos, surge la idea de realizar este curso\u201d.<\/p>\n<figure id=\"attachment_1982\" aria-describedby=\"caption-attachment-1982\" style=\"width: 604px\" class=\"wp-caption aligncenter\"><a href=\"http:\/\/www.blogdelflorista.es\/wp-content\/uploads\/2018\/01\/4.-baja-IMG_8484.jpg\"><img loading=\"lazy\" class=\"size-large wp-image-1982\" src=\"http:\/\/www.blogdelflorista.es\/wp-content\/uploads\/2018\/01\/4.-baja-IMG_8484-1024x683.jpg\" alt=\"\" width=\"604\" height=\"403\" srcset=\"https:\/\/www.blogdelflorista.es\/wp-content\/uploads\/2018\/01\/4.-baja-IMG_8484-1024x683.jpg 1024w, https:\/\/www.blogdelflorista.es\/wp-content\/uploads\/2018\/01\/4.-baja-IMG_8484-300x200.jpg 300w, https:\/\/www.blogdelflorista.es\/wp-content\/uploads\/2018\/01\/4.-baja-IMG_8484-768x512.jpg 768w, https:\/\/www.blogdelflorista.es\/wp-content\/uploads\/2018\/01\/4.-baja-IMG_8484.jpg 1815w\" sizes=\"(max-width: 604px) 100vw, 604px\" \/><\/a><figcaption id=\"caption-attachment-1982\" class=\"wp-caption-text\">Gloria Cid<\/figcaption><\/figure>\n<p>Gloria ha estado investigando en las t\u00e9cnicas del secado de flores y verdes y en las de secado de ramos de novia desde hace ya 25 a\u00f1os. Una aut\u00e9ntica afici\u00f3n \/ pasi\u00f3n que hered\u00f3 de su madre con la que ha recorrido gran parte de este camino de conocimiento de estas t\u00e9cnicas. Inicialmente, el destino de estas flores secas eran tarjetas de presentaci\u00f3n, eventos,\u2026, as\u00ed como cuadros de flor seca, etc. Hasta que empez\u00f3 la demanda de las novias.<\/p>\n<div id='gallery-3' class='gallery galleryid-1935 gallery-columns-3 gallery-size-thumbnail'><figure class='gallery-item'>\n\t\t\t<div class='gallery-icon landscape'>\n\t\t\t\t<a href='https:\/\/www.blogdelflorista.es\/index.php\/2018\/01\/24\/como-secar-ramos-de-novia-por-gloria-cid\/baja-img_8333-2\/'><img width=\"150\" height=\"150\" src=\"https:\/\/www.blogdelflorista.es\/wp-content\/uploads\/2018\/01\/baja-IMG_8333-1-150x150.jpg\" class=\"attachment-thumbnail size-thumbnail\" alt=\"\" loading=\"lazy\" aria-describedby=\"gallery-3-1978\" \/><\/a>\n\t\t\t<\/div>\n\t\t\t\t<figcaption class='wp-caption-text gallery-caption' id='gallery-3-1978'>\n\t\t\t\tSpray Oasis para pintar la flor\n\t\t\t\t<\/figcaption><\/figure><figure class='gallery-item'>\n\t\t\t<div class='gallery-icon landscape'>\n\t\t\t\t<a href='https:\/\/www.blogdelflorista.es\/index.php\/2018\/01\/24\/como-secar-ramos-de-novia-por-gloria-cid\/baja-img_8338-2\/'><img width=\"150\" height=\"150\" src=\"https:\/\/www.blogdelflorista.es\/wp-content\/uploads\/2018\/01\/baja-IMG_8338-1-150x150.jpg\" class=\"attachment-thumbnail size-thumbnail\" alt=\"\" loading=\"lazy\" aria-describedby=\"gallery-3-1979\" \/><\/a>\n\t\t\t<\/div>\n\t\t\t\t<figcaption class='wp-caption-text gallery-caption' id='gallery-3-1979'>\n\t\t\t\tPintado con spray Oasis\n\t\t\t\t<\/figcaption><\/figure><figure class='gallery-item'>\n\t\t\t<div class='gallery-icon landscape'>\n\t\t\t\t<a href='https:\/\/www.blogdelflorista.es\/index.php\/2018\/01\/24\/como-secar-ramos-de-novia-por-gloria-cid\/baja-img_8366\/'><img width=\"150\" height=\"150\" src=\"https:\/\/www.blogdelflorista.es\/wp-content\/uploads\/2018\/01\/baja-IMG_8366-150x150.jpg\" class=\"attachment-thumbnail size-thumbnail\" alt=\"\" loading=\"lazy\" aria-describedby=\"gallery-3-1980\" \/><\/a>\n\t\t\t<\/div>\n\t\t\t\t<figcaption class='wp-caption-text gallery-caption' id='gallery-3-1980'>\n\t\t\t\tPintado con spray Oasis\n\t\t\t\t<\/figcaption><\/figure>\n\t\t<\/div>\n\n<p>Los nuevos avances en productos espec\u00edficos para florister\u00eda, caso de los sprays al agua, sin disolventes y por tanto aptos para su uso en flores y plantas, han conseguido que un ramo de novia secado \u201cya no parezca un esqueleto muerto, sino que conserva la forma, el color,\u2026 y el resultado es mucho m\u00e1s natural\u201d, explicaba Gloria. Seg\u00fan la propia formadora, es muy apropiada la l\u00ednea de productos Oasis\u00ae Floralife Aqua, disponibles en una amplia gama de colores y que puedes encontrar en www.floreselcale.es<\/p>\n<p>&nbsp;<\/p>\n<p><strong>Distintas t\u00e9cnicas<\/strong><\/p>\n<p>Durante dos jornadas, se explicaban las distintas t\u00e9cnicas de secado: en microondas, secado al aire, secado con gel de s\u00edlice y secado en rejilla.<\/p>\n<p>Los asistentes pod\u00edan ver y palpar gran variedad de flores y verdes secados por la propia Gloria.<\/p>\n<div id='gallery-4' class='gallery galleryid-1935 gallery-columns-2 gallery-size-medium'><figure class='gallery-item'>\n\t\t\t<div class='gallery-icon landscape'>\n\t\t\t\t<a href='https:\/\/www.blogdelflorista.es\/index.php\/2018\/01\/24\/como-secar-ramos-de-novia-por-gloria-cid\/baja-img_8353\/'><img width=\"300\" height=\"200\" src=\"https:\/\/www.blogdelflorista.es\/wp-content\/uploads\/2018\/01\/baja-IMG_8353-300x200.jpg\" class=\"attachment-medium size-medium\" alt=\"\" loading=\"lazy\" aria-describedby=\"gallery-4-1984\" srcset=\"https:\/\/www.blogdelflorista.es\/wp-content\/uploads\/2018\/01\/baja-IMG_8353-300x200.jpg 300w, https:\/\/www.blogdelflorista.es\/wp-content\/uploads\/2018\/01\/baja-IMG_8353-768x512.jpg 768w, https:\/\/www.blogdelflorista.es\/wp-content\/uploads\/2018\/01\/baja-IMG_8353-1024x683.jpg 1024w, https:\/\/www.blogdelflorista.es\/wp-content\/uploads\/2018\/01\/baja-IMG_8353.jpg 1815w\" sizes=\"(max-width: 300px) 100vw, 300px\" \/><\/a>\n\t\t\t<\/div>\n\t\t\t\t<figcaption class='wp-caption-text gallery-caption' id='gallery-4-1984'>\n\t\t\t\tAprendiendo&#8230;\n\t\t\t\t<\/figcaption><\/figure><figure class='gallery-item'>\n\t\t\t<div class='gallery-icon landscape'>\n\t\t\t\t<a href='https:\/\/www.blogdelflorista.es\/index.php\/2018\/01\/24\/como-secar-ramos-de-novia-por-gloria-cid\/baja-img_8463\/'><img width=\"300\" height=\"200\" src=\"https:\/\/www.blogdelflorista.es\/wp-content\/uploads\/2018\/01\/baja-IMG_8463-300x200.jpg\" class=\"attachment-medium size-medium\" alt=\"\" loading=\"lazy\" aria-describedby=\"gallery-4-1992\" srcset=\"https:\/\/www.blogdelflorista.es\/wp-content\/uploads\/2018\/01\/baja-IMG_8463-300x200.jpg 300w, https:\/\/www.blogdelflorista.es\/wp-content\/uploads\/2018\/01\/baja-IMG_8463-768x512.jpg 768w, https:\/\/www.blogdelflorista.es\/wp-content\/uploads\/2018\/01\/baja-IMG_8463-1024x683.jpg 1024w, https:\/\/www.blogdelflorista.es\/wp-content\/uploads\/2018\/01\/baja-IMG_8463.jpg 1400w\" sizes=\"(max-width: 300px) 100vw, 300px\" \/><\/a>\n\t\t\t<\/div>\n\t\t\t\t<figcaption class='wp-caption-text gallery-caption' id='gallery-4-1992'>\n\t\t\t\tAprendiendo&#8230;\n\t\t\t\t<\/figcaption><\/figure><figure class='gallery-item'>\n\t\t\t<div class='gallery-icon landscape'>\n\t\t\t\t<a href='https:\/\/www.blogdelflorista.es\/index.php\/2018\/01\/24\/como-secar-ramos-de-novia-por-gloria-cid\/baja-img_8356\/'><img width=\"300\" height=\"200\" src=\"https:\/\/www.blogdelflorista.es\/wp-content\/uploads\/2018\/01\/baja-IMG_8356-300x200.jpg\" class=\"attachment-medium size-medium\" alt=\"\" loading=\"lazy\" aria-describedby=\"gallery-4-1985\" srcset=\"https:\/\/www.blogdelflorista.es\/wp-content\/uploads\/2018\/01\/baja-IMG_8356-300x200.jpg 300w, https:\/\/www.blogdelflorista.es\/wp-content\/uploads\/2018\/01\/baja-IMG_8356-768x512.jpg 768w, https:\/\/www.blogdelflorista.es\/wp-content\/uploads\/2018\/01\/baja-IMG_8356-1024x683.jpg 1024w, https:\/\/www.blogdelflorista.es\/wp-content\/uploads\/2018\/01\/baja-IMG_8356.jpg 1400w\" sizes=\"(max-width: 300px) 100vw, 300px\" \/><\/a>\n\t\t\t<\/div>\n\t\t\t\t<figcaption class='wp-caption-text gallery-caption' id='gallery-4-1985'>\n\t\t\t\tAprendiendo&#8230;\n\t\t\t\t<\/figcaption><\/figure><figure class='gallery-item'>\n\t\t\t<div class='gallery-icon landscape'>\n\t\t\t\t<a href='https:\/\/www.blogdelflorista.es\/index.php\/2018\/01\/24\/como-secar-ramos-de-novia-por-gloria-cid\/baja-img_8359\/'><img width=\"300\" height=\"200\" src=\"https:\/\/www.blogdelflorista.es\/wp-content\/uploads\/2018\/01\/baja-IMG_8359-300x200.jpg\" class=\"attachment-medium size-medium\" alt=\"\" loading=\"lazy\" aria-describedby=\"gallery-4-1986\" srcset=\"https:\/\/www.blogdelflorista.es\/wp-content\/uploads\/2018\/01\/baja-IMG_8359-300x200.jpg 300w, https:\/\/www.blogdelflorista.es\/wp-content\/uploads\/2018\/01\/baja-IMG_8359-768x512.jpg 768w, https:\/\/www.blogdelflorista.es\/wp-content\/uploads\/2018\/01\/baja-IMG_8359-1024x683.jpg 1024w, https:\/\/www.blogdelflorista.es\/wp-content\/uploads\/2018\/01\/baja-IMG_8359.jpg 1815w\" sizes=\"(max-width: 300px) 100vw, 300px\" \/><\/a>\n\t\t\t<\/div>\n\t\t\t\t<figcaption class='wp-caption-text gallery-caption' id='gallery-4-1986'>\n\t\t\t\tAprendiendo&#8230;\n\t\t\t\t<\/figcaption><\/figure><figure class='gallery-item'>\n\t\t\t<div class='gallery-icon landscape'>\n\t\t\t\t<a href='https:\/\/www.blogdelflorista.es\/index.php\/2018\/01\/24\/como-secar-ramos-de-novia-por-gloria-cid\/baja-img_8371\/'><img width=\"300\" height=\"200\" src=\"https:\/\/www.blogdelflorista.es\/wp-content\/uploads\/2018\/01\/baja-IMG_8371-300x200.jpg\" class=\"attachment-medium size-medium\" alt=\"\" loading=\"lazy\" aria-describedby=\"gallery-4-1991\" srcset=\"https:\/\/www.blogdelflorista.es\/wp-content\/uploads\/2018\/01\/baja-IMG_8371-300x200.jpg 300w, https:\/\/www.blogdelflorista.es\/wp-content\/uploads\/2018\/01\/baja-IMG_8371-768x512.jpg 768w, https:\/\/www.blogdelflorista.es\/wp-content\/uploads\/2018\/01\/baja-IMG_8371-1024x683.jpg 1024w, https:\/\/www.blogdelflorista.es\/wp-content\/uploads\/2018\/01\/baja-IMG_8371.jpg 1815w\" sizes=\"(max-width: 300px) 100vw, 300px\" \/><\/a>\n\t\t\t<\/div>\n\t\t\t\t<figcaption class='wp-caption-text gallery-caption' id='gallery-4-1991'>\n\t\t\t\tAprendiendo&#8230;\n\t\t\t\t<\/figcaption><\/figure><figure class='gallery-item'>\n\t\t\t<div class='gallery-icon landscape'>\n\t\t\t\t<a href='https:\/\/www.blogdelflorista.es\/index.php\/2018\/01\/24\/como-secar-ramos-de-novia-por-gloria-cid\/baja-img_8364\/'><img width=\"300\" height=\"200\" src=\"https:\/\/www.blogdelflorista.es\/wp-content\/uploads\/2018\/01\/baja-IMG_8364-300x200.jpg\" class=\"attachment-medium size-medium\" alt=\"\" loading=\"lazy\" aria-describedby=\"gallery-4-1989\" srcset=\"https:\/\/www.blogdelflorista.es\/wp-content\/uploads\/2018\/01\/baja-IMG_8364-300x200.jpg 300w, https:\/\/www.blogdelflorista.es\/wp-content\/uploads\/2018\/01\/baja-IMG_8364-768x512.jpg 768w, https:\/\/www.blogdelflorista.es\/wp-content\/uploads\/2018\/01\/baja-IMG_8364-1024x682.jpg 1024w, https:\/\/www.blogdelflorista.es\/wp-content\/uploads\/2018\/01\/baja-IMG_8364.jpg 1556w\" sizes=\"(max-width: 300px) 100vw, 300px\" \/><\/a>\n\t\t\t<\/div>\n\t\t\t\t<figcaption class='wp-caption-text gallery-caption' id='gallery-4-1989'>\n\t\t\t\tAprendiendo&#8230;\n\t\t\t\t<\/figcaption><\/figure><figure class='gallery-item'>\n\t\t\t<div class='gallery-icon landscape'>\n\t\t\t\t<a href='https:\/\/www.blogdelflorista.es\/index.php\/2018\/01\/24\/como-secar-ramos-de-novia-por-gloria-cid\/baja-img_8368\/'><img width=\"300\" height=\"200\" src=\"https:\/\/www.blogdelflorista.es\/wp-content\/uploads\/2018\/01\/baja-IMG_8368-300x200.jpg\" class=\"attachment-medium size-medium\" alt=\"\" loading=\"lazy\" aria-describedby=\"gallery-4-1990\" srcset=\"https:\/\/www.blogdelflorista.es\/wp-content\/uploads\/2018\/01\/baja-IMG_8368-300x200.jpg 300w, https:\/\/www.blogdelflorista.es\/wp-content\/uploads\/2018\/01\/baja-IMG_8368-768x512.jpg 768w, https:\/\/www.blogdelflorista.es\/wp-content\/uploads\/2018\/01\/baja-IMG_8368-1024x682.jpg 1024w, https:\/\/www.blogdelflorista.es\/wp-content\/uploads\/2018\/01\/baja-IMG_8368.jpg 1556w\" sizes=\"(max-width: 300px) 100vw, 300px\" \/><\/a>\n\t\t\t<\/div>\n\t\t\t\t<figcaption class='wp-caption-text gallery-caption' id='gallery-4-1990'>\n\t\t\t\tAprendiendo&#8230;\n\t\t\t\t<\/figcaption><\/figure><figure class='gallery-item'>\n\t\t\t<div class='gallery-icon landscape'>\n\t\t\t\t<a href='https:\/\/www.blogdelflorista.es\/index.php\/2018\/01\/24\/como-secar-ramos-de-novia-por-gloria-cid\/baja-img_8473\/'><img width=\"300\" height=\"200\" src=\"https:\/\/www.blogdelflorista.es\/wp-content\/uploads\/2018\/01\/baja-IMG_8473-300x200.jpg\" class=\"attachment-medium size-medium\" alt=\"\" loading=\"lazy\" aria-describedby=\"gallery-4-1993\" srcset=\"https:\/\/www.blogdelflorista.es\/wp-content\/uploads\/2018\/01\/baja-IMG_8473-300x200.jpg 300w, https:\/\/www.blogdelflorista.es\/wp-content\/uploads\/2018\/01\/baja-IMG_8473-768x512.jpg 768w, https:\/\/www.blogdelflorista.es\/wp-content\/uploads\/2018\/01\/baja-IMG_8473-1024x682.jpg 1024w, https:\/\/www.blogdelflorista.es\/wp-content\/uploads\/2018\/01\/baja-IMG_8473.jpg 1556w\" sizes=\"(max-width: 300px) 100vw, 300px\" \/><\/a>\n\t\t\t<\/div>\n\t\t\t\t<figcaption class='wp-caption-text gallery-caption' id='gallery-4-1993'>\n\t\t\t\tAprendiendo&#8230;\n\t\t\t\t<\/figcaption><\/figure><figure class='gallery-item'>\n\t\t\t<div class='gallery-icon landscape'>\n\t\t\t\t<a href='https:\/\/www.blogdelflorista.es\/index.php\/2018\/01\/24\/como-secar-ramos-de-novia-por-gloria-cid\/baja-img_8361\/'><img width=\"300\" height=\"200\" src=\"https:\/\/www.blogdelflorista.es\/wp-content\/uploads\/2018\/01\/baja-IMG_8361-300x200.jpg\" class=\"attachment-medium size-medium\" alt=\"\" loading=\"lazy\" aria-describedby=\"gallery-4-1987\" srcset=\"https:\/\/www.blogdelflorista.es\/wp-content\/uploads\/2018\/01\/baja-IMG_8361-300x200.jpg 300w, https:\/\/www.blogdelflorista.es\/wp-content\/uploads\/2018\/01\/baja-IMG_8361-768x512.jpg 768w, https:\/\/www.blogdelflorista.es\/wp-content\/uploads\/2018\/01\/baja-IMG_8361-1024x683.jpg 1024w, https:\/\/www.blogdelflorista.es\/wp-content\/uploads\/2018\/01\/baja-IMG_8361.jpg 1296w\" sizes=\"(max-width: 300px) 100vw, 300px\" \/><\/a>\n\t\t\t<\/div>\n\t\t\t\t<figcaption class='wp-caption-text gallery-caption' id='gallery-4-1987'>\n\t\t\t\tAprendiendo&#8230;\n\t\t\t\t<\/figcaption><\/figure><figure class='gallery-item'>\n\t\t\t<div class='gallery-icon landscape'>\n\t\t\t\t<a href='https:\/\/www.blogdelflorista.es\/index.php\/2018\/01\/24\/como-secar-ramos-de-novia-por-gloria-cid\/baja-img_8362\/'><img width=\"300\" height=\"200\" src=\"https:\/\/www.blogdelflorista.es\/wp-content\/uploads\/2018\/01\/baja-IMG_8362-300x200.jpg\" class=\"attachment-medium size-medium\" alt=\"\" loading=\"lazy\" aria-describedby=\"gallery-4-1988\" srcset=\"https:\/\/www.blogdelflorista.es\/wp-content\/uploads\/2018\/01\/baja-IMG_8362-300x200.jpg 300w, https:\/\/www.blogdelflorista.es\/wp-content\/uploads\/2018\/01\/baja-IMG_8362-768x512.jpg 768w, https:\/\/www.blogdelflorista.es\/wp-content\/uploads\/2018\/01\/baja-IMG_8362-1024x683.jpg 1024w, https:\/\/www.blogdelflorista.es\/wp-content\/uploads\/2018\/01\/baja-IMG_8362.jpg 1400w\" sizes=\"(max-width: 300px) 100vw, 300px\" \/><\/a>\n\t\t\t<\/div>\n\t\t\t\t<figcaption class='wp-caption-text gallery-caption' id='gallery-4-1988'>\n\t\t\t\tAprendiendo&#8230;\n\t\t\t\t<\/figcaption><\/figure>\n\t\t<\/div>\n\n<p>Y cada alumno tambi\u00e9n llegaba a formar su propio ramo de novia secado, muy similar al que la novia luci\u00f3. El ramo puede ser presentado en forma de cuadro, en c\u00fapula, etc.<\/p>\n<div id='gallery-5' class='gallery galleryid-1935 gallery-columns-3 gallery-size-medium'><figure class='gallery-item'>\n\t\t\t<div class='gallery-icon portrait'>\n\t\t\t\t<a href='https:\/\/www.blogdelflorista.es\/index.php\/2018\/01\/24\/como-secar-ramos-de-novia-por-gloria-cid\/baja-img_8534\/'><img width=\"200\" height=\"300\" src=\"https:\/\/www.blogdelflorista.es\/wp-content\/uploads\/2018\/01\/baja-IMG_8534-200x300.jpg\" class=\"attachment-medium size-medium\" alt=\"\" loading=\"lazy\" aria-describedby=\"gallery-5-1995\" srcset=\"https:\/\/www.blogdelflorista.es\/wp-content\/uploads\/2018\/01\/baja-IMG_8534-200x300.jpg 200w, https:\/\/www.blogdelflorista.es\/wp-content\/uploads\/2018\/01\/baja-IMG_8534-768x1152.jpg 768w, https:\/\/www.blogdelflorista.es\/wp-content\/uploads\/2018\/01\/baja-IMG_8534-683x1024.jpg 683w, https:\/\/www.blogdelflorista.es\/wp-content\/uploads\/2018\/01\/baja-IMG_8534.jpg 1210w\" sizes=\"(max-width: 200px) 100vw, 200px\" \/><\/a>\n\t\t\t<\/div>\n\t\t\t\t<figcaption class='wp-caption-text gallery-caption' id='gallery-5-1995'>\n\t\t\t\tHecho por los alumnos\n\t\t\t\t<\/figcaption><\/figure><figure class='gallery-item'>\n\t\t\t<div class='gallery-icon portrait'>\n\t\t\t\t<a href='https:\/\/www.blogdelflorista.es\/index.php\/2018\/01\/24\/como-secar-ramos-de-novia-por-gloria-cid\/baja-img_8536\/'><img width=\"200\" height=\"300\" src=\"https:\/\/www.blogdelflorista.es\/wp-content\/uploads\/2018\/01\/baja-IMG_8536-200x300.jpg\" class=\"attachment-medium size-medium\" alt=\"\" loading=\"lazy\" aria-describedby=\"gallery-5-1996\" srcset=\"https:\/\/www.blogdelflorista.es\/wp-content\/uploads\/2018\/01\/baja-IMG_8536-200x300.jpg 200w, https:\/\/www.blogdelflorista.es\/wp-content\/uploads\/2018\/01\/baja-IMG_8536-768x1152.jpg 768w, https:\/\/www.blogdelflorista.es\/wp-content\/uploads\/2018\/01\/baja-IMG_8536-683x1024.jpg 683w, https:\/\/www.blogdelflorista.es\/wp-content\/uploads\/2018\/01\/baja-IMG_8536.jpg 1210w\" sizes=\"(max-width: 200px) 100vw, 200px\" \/><\/a>\n\t\t\t<\/div>\n\t\t\t\t<figcaption class='wp-caption-text gallery-caption' id='gallery-5-1996'>\n\t\t\t\tHecho por los alumnos\n\t\t\t\t<\/figcaption><\/figure><figure class='gallery-item'>\n\t\t\t<div class='gallery-icon portrait'>\n\t\t\t\t<a href='https:\/\/www.blogdelflorista.es\/index.php\/2018\/01\/24\/como-secar-ramos-de-novia-por-gloria-cid\/baja-img_8538\/'><img width=\"200\" height=\"300\" src=\"https:\/\/www.blogdelflorista.es\/wp-content\/uploads\/2018\/01\/baja-IMG_8538-200x300.jpg\" class=\"attachment-medium size-medium\" alt=\"\" loading=\"lazy\" aria-describedby=\"gallery-5-1997\" srcset=\"https:\/\/www.blogdelflorista.es\/wp-content\/uploads\/2018\/01\/baja-IMG_8538-200x300.jpg 200w, https:\/\/www.blogdelflorista.es\/wp-content\/uploads\/2018\/01\/baja-IMG_8538-768x1152.jpg 768w, https:\/\/www.blogdelflorista.es\/wp-content\/uploads\/2018\/01\/baja-IMG_8538-683x1024.jpg 683w, https:\/\/www.blogdelflorista.es\/wp-content\/uploads\/2018\/01\/baja-IMG_8538.jpg 1210w\" sizes=\"(max-width: 200px) 100vw, 200px\" \/><\/a>\n\t\t\t<\/div>\n\t\t\t\t<figcaption class='wp-caption-text gallery-caption' id='gallery-5-1997'>\n\t\t\t\tHecho por los alumnos\n\t\t\t\t<\/figcaption><\/figure><figure class='gallery-item'>\n\t\t\t<div class='gallery-icon portrait'>\n\t\t\t\t<a href='https:\/\/www.blogdelflorista.es\/index.php\/2018\/01\/24\/como-secar-ramos-de-novia-por-gloria-cid\/baja-img_8539\/'><img width=\"200\" height=\"300\" src=\"https:\/\/www.blogdelflorista.es\/wp-content\/uploads\/2018\/01\/baja-IMG_8539-200x300.jpg\" class=\"attachment-medium size-medium\" alt=\"\" loading=\"lazy\" aria-describedby=\"gallery-5-1998\" srcset=\"https:\/\/www.blogdelflorista.es\/wp-content\/uploads\/2018\/01\/baja-IMG_8539-200x300.jpg 200w, https:\/\/www.blogdelflorista.es\/wp-content\/uploads\/2018\/01\/baja-IMG_8539-768x1152.jpg 768w, https:\/\/www.blogdelflorista.es\/wp-content\/uploads\/2018\/01\/baja-IMG_8539-683x1024.jpg 683w, https:\/\/www.blogdelflorista.es\/wp-content\/uploads\/2018\/01\/baja-IMG_8539.jpg 1210w\" sizes=\"(max-width: 200px) 100vw, 200px\" \/><\/a>\n\t\t\t<\/div>\n\t\t\t\t<figcaption class='wp-caption-text gallery-caption' id='gallery-5-1998'>\n\t\t\t\tHecho por los alumnos\n\t\t\t\t<\/figcaption><\/figure><figure class='gallery-item'>\n\t\t\t<div class='gallery-icon portrait'>\n\t\t\t\t<a href='https:\/\/www.blogdelflorista.es\/index.php\/2018\/01\/24\/como-secar-ramos-de-novia-por-gloria-cid\/baja-img_8542\/'><img width=\"200\" height=\"300\" src=\"https:\/\/www.blogdelflorista.es\/wp-content\/uploads\/2018\/01\/baja-IMG_8542-200x300.jpg\" class=\"attachment-medium size-medium\" alt=\"\" loading=\"lazy\" aria-describedby=\"gallery-5-1999\" srcset=\"https:\/\/www.blogdelflorista.es\/wp-content\/uploads\/2018\/01\/baja-IMG_8542-200x300.jpg 200w, https:\/\/www.blogdelflorista.es\/wp-content\/uploads\/2018\/01\/baja-IMG_8542-768x1152.jpg 768w, https:\/\/www.blogdelflorista.es\/wp-content\/uploads\/2018\/01\/baja-IMG_8542-683x1024.jpg 683w, https:\/\/www.blogdelflorista.es\/wp-content\/uploads\/2018\/01\/baja-IMG_8542.jpg 1210w\" sizes=\"(max-width: 200px) 100vw, 200px\" \/><\/a>\n\t\t\t<\/div>\n\t\t\t\t<figcaption class='wp-caption-text gallery-caption' id='gallery-5-1999'>\n\t\t\t\tHecho por los alumnos\n\t\t\t\t<\/figcaption><\/figure><figure class='gallery-item'>\n\t\t\t<div class='gallery-icon portrait'>\n\t\t\t\t<a href='https:\/\/www.blogdelflorista.es\/index.php\/2018\/01\/24\/como-secar-ramos-de-novia-por-gloria-cid\/baja-img_8543\/'><img width=\"200\" height=\"300\" src=\"https:\/\/www.blogdelflorista.es\/wp-content\/uploads\/2018\/01\/baja-IMG_8543-200x300.jpg\" class=\"attachment-medium size-medium\" alt=\"\" loading=\"lazy\" aria-describedby=\"gallery-5-2000\" srcset=\"https:\/\/www.blogdelflorista.es\/wp-content\/uploads\/2018\/01\/baja-IMG_8543-200x300.jpg 200w, https:\/\/www.blogdelflorista.es\/wp-content\/uploads\/2018\/01\/baja-IMG_8543-768x1152.jpg 768w, https:\/\/www.blogdelflorista.es\/wp-content\/uploads\/2018\/01\/baja-IMG_8543-683x1024.jpg 683w, https:\/\/www.blogdelflorista.es\/wp-content\/uploads\/2018\/01\/baja-IMG_8543.jpg 1210w\" sizes=\"(max-width: 200px) 100vw, 200px\" \/><\/a>\n\t\t\t<\/div>\n\t\t\t\t<figcaption class='wp-caption-text gallery-caption' id='gallery-5-2000'>\n\t\t\t\tHecho por los alumnos\n\t\t\t\t<\/figcaption><\/figure><figure class='gallery-item'>\n\t\t\t<div class='gallery-icon portrait'>\n\t\t\t\t<a href='https:\/\/www.blogdelflorista.es\/index.php\/2018\/01\/24\/como-secar-ramos-de-novia-por-gloria-cid\/baja-img_8545\/'><img width=\"200\" height=\"300\" src=\"https:\/\/www.blogdelflorista.es\/wp-content\/uploads\/2018\/01\/baja-IMG_8545-200x300.jpg\" class=\"attachment-medium size-medium\" alt=\"\" loading=\"lazy\" aria-describedby=\"gallery-5-2001\" srcset=\"https:\/\/www.blogdelflorista.es\/wp-content\/uploads\/2018\/01\/baja-IMG_8545-200x300.jpg 200w, https:\/\/www.blogdelflorista.es\/wp-content\/uploads\/2018\/01\/baja-IMG_8545-768x1152.jpg 768w, https:\/\/www.blogdelflorista.es\/wp-content\/uploads\/2018\/01\/baja-IMG_8545-683x1024.jpg 683w, https:\/\/www.blogdelflorista.es\/wp-content\/uploads\/2018\/01\/baja-IMG_8545.jpg 1210w\" sizes=\"(max-width: 200px) 100vw, 200px\" \/><\/a>\n\t\t\t<\/div>\n\t\t\t\t<figcaption class='wp-caption-text gallery-caption' id='gallery-5-2001'>\n\t\t\t\tHecho por los alumnos\n\t\t\t\t<\/figcaption><\/figure><figure class='gallery-item'>\n\t\t\t<div class='gallery-icon portrait'>\n\t\t\t\t<a href='https:\/\/www.blogdelflorista.es\/index.php\/2018\/01\/24\/como-secar-ramos-de-novia-por-gloria-cid\/baja-img_8547\/'><img width=\"200\" height=\"300\" src=\"https:\/\/www.blogdelflorista.es\/wp-content\/uploads\/2018\/01\/baja-IMG_8547-200x300.jpg\" class=\"attachment-medium size-medium\" alt=\"\" loading=\"lazy\" aria-describedby=\"gallery-5-2002\" srcset=\"https:\/\/www.blogdelflorista.es\/wp-content\/uploads\/2018\/01\/baja-IMG_8547-200x300.jpg 200w, https:\/\/www.blogdelflorista.es\/wp-content\/uploads\/2018\/01\/baja-IMG_8547-768x1152.jpg 768w, https:\/\/www.blogdelflorista.es\/wp-content\/uploads\/2018\/01\/baja-IMG_8547-683x1024.jpg 683w, https:\/\/www.blogdelflorista.es\/wp-content\/uploads\/2018\/01\/baja-IMG_8547.jpg 1210w\" sizes=\"(max-width: 200px) 100vw, 200px\" \/><\/a>\n\t\t\t<\/div>\n\t\t\t\t<figcaption class='wp-caption-text gallery-caption' id='gallery-5-2002'>\n\t\t\t\tHecho por los alumnos\n\t\t\t\t<\/figcaption><\/figure><figure class='gallery-item'>\n\t\t\t<div class='gallery-icon portrait'>\n\t\t\t\t<a href='https:\/\/www.blogdelflorista.es\/index.php\/2018\/01\/24\/como-secar-ramos-de-novia-por-gloria-cid\/baja-img_8550\/'><img width=\"200\" height=\"300\" src=\"https:\/\/www.blogdelflorista.es\/wp-content\/uploads\/2018\/01\/baja-IMG_8550-200x300.jpg\" class=\"attachment-medium size-medium\" alt=\"\" loading=\"lazy\" aria-describedby=\"gallery-5-2003\" srcset=\"https:\/\/www.blogdelflorista.es\/wp-content\/uploads\/2018\/01\/baja-IMG_8550-200x300.jpg 200w, https:\/\/www.blogdelflorista.es\/wp-content\/uploads\/2018\/01\/baja-IMG_8550-768x1152.jpg 768w, https:\/\/www.blogdelflorista.es\/wp-content\/uploads\/2018\/01\/baja-IMG_8550-683x1024.jpg 683w, https:\/\/www.blogdelflorista.es\/wp-content\/uploads\/2018\/01\/baja-IMG_8550.jpg 1210w\" sizes=\"(max-width: 200px) 100vw, 200px\" \/><\/a>\n\t\t\t<\/div>\n\t\t\t\t<figcaption class='wp-caption-text gallery-caption' id='gallery-5-2003'>\n\t\t\t\tHecho por los alumnos\n\t\t\t\t<\/figcaption><\/figure><figure class='gallery-item'>\n\t\t\t<div class='gallery-icon portrait'>\n\t\t\t\t<a href='https:\/\/www.blogdelflorista.es\/index.php\/2018\/01\/24\/como-secar-ramos-de-novia-por-gloria-cid\/baja-img_8551\/'><img width=\"200\" height=\"300\" src=\"https:\/\/www.blogdelflorista.es\/wp-content\/uploads\/2018\/01\/baja-IMG_8551-200x300.jpg\" class=\"attachment-medium size-medium\" alt=\"\" loading=\"lazy\" aria-describedby=\"gallery-5-2004\" srcset=\"https:\/\/www.blogdelflorista.es\/wp-content\/uploads\/2018\/01\/baja-IMG_8551-200x300.jpg 200w, https:\/\/www.blogdelflorista.es\/wp-content\/uploads\/2018\/01\/baja-IMG_8551-768x1152.jpg 768w, https:\/\/www.blogdelflorista.es\/wp-content\/uploads\/2018\/01\/baja-IMG_8551-683x1024.jpg 683w, https:\/\/www.blogdelflorista.es\/wp-content\/uploads\/2018\/01\/baja-IMG_8551.jpg 1210w\" sizes=\"(max-width: 200px) 100vw, 200px\" \/><\/a>\n\t\t\t<\/div>\n\t\t\t\t<figcaption class='wp-caption-text gallery-caption' id='gallery-5-2004'>\n\t\t\t\tHecho por los alumnos\n\t\t\t\t<\/figcaption><\/figure><figure class='gallery-item'>\n\t\t\t<div class='gallery-icon portrait'>\n\t\t\t\t<a href='https:\/\/www.blogdelflorista.es\/index.php\/2018\/01\/24\/como-secar-ramos-de-novia-por-gloria-cid\/baja-img_8558\/'><img width=\"200\" height=\"300\" src=\"https:\/\/www.blogdelflorista.es\/wp-content\/uploads\/2018\/01\/baja-IMG_8558-200x300.jpg\" class=\"attachment-medium size-medium\" alt=\"\" loading=\"lazy\" aria-describedby=\"gallery-5-2005\" srcset=\"https:\/\/www.blogdelflorista.es\/wp-content\/uploads\/2018\/01\/baja-IMG_8558-200x300.jpg 200w, https:\/\/www.blogdelflorista.es\/wp-content\/uploads\/2018\/01\/baja-IMG_8558-768x1152.jpg 768w, https:\/\/www.blogdelflorista.es\/wp-content\/uploads\/2018\/01\/baja-IMG_8558-683x1024.jpg 683w, https:\/\/www.blogdelflorista.es\/wp-content\/uploads\/2018\/01\/baja-IMG_8558.jpg 1210w\" sizes=\"(max-width: 200px) 100vw, 200px\" \/><\/a>\n\t\t\t<\/div>\n\t\t\t\t<figcaption class='wp-caption-text gallery-caption' id='gallery-5-2005'>\n\t\t\t\tHecho por los alumnos\n\t\t\t\t<\/figcaption><\/figure><figure class='gallery-item'>\n\t\t\t<div class='gallery-icon portrait'>\n\t\t\t\t<a href='https:\/\/www.blogdelflorista.es\/index.php\/2018\/01\/24\/como-secar-ramos-de-novia-por-gloria-cid\/ok-cartel-secado-3\/'><img width=\"200\" height=\"300\" src=\"https:\/\/www.blogdelflorista.es\/wp-content\/uploads\/2018\/01\/OK-CARTEL-SECADO-2-200x300.jpg\" class=\"attachment-medium size-medium\" alt=\"\" loading=\"lazy\" aria-describedby=\"gallery-5-2009\" srcset=\"https:\/\/www.blogdelflorista.es\/wp-content\/uploads\/2018\/01\/OK-CARTEL-SECADO-2-200x300.jpg 200w, https:\/\/www.blogdelflorista.es\/wp-content\/uploads\/2018\/01\/OK-CARTEL-SECADO-2-768x1152.jpg 768w, https:\/\/www.blogdelflorista.es\/wp-content\/uploads\/2018\/01\/OK-CARTEL-SECADO-2-683x1024.jpg 683w, https:\/\/www.blogdelflorista.es\/wp-content\/uploads\/2018\/01\/OK-CARTEL-SECADO-2.jpg 1210w\" sizes=\"(max-width: 200px) 100vw, 200px\" \/><\/a>\n\t\t\t<\/div>\n\t\t\t\t<figcaption class='wp-caption-text gallery-caption' id='gallery-5-2009'>\n\t\t\t\tCurso secado de Ramos de Novia\n\t\t\t\t<\/figcaption><\/figure>\n\t\t<\/div>\n\n<p>Las aplicaciones de esta t\u00e9cnica van m\u00e1s all\u00e1 del propio secado de ramos de novia, siendo ideal para tarjetas, invitaciones, iniciales de los novios (mostrando las distintas texturas), cinturones, tocados, prendidos, pulseras, etc.<\/p>\n<p>El curso tuvo muy buena aceptaci\u00f3n y han sido numerosos los floristas interesados. Si piensas que te gustar\u00eda hacer este curso en su pr\u00f3xima edici\u00f3n, env\u00edanos un mensaje a comunicacion@floreselcale.es o bien escribe un comentario en esta entrada, indicando tu nombre y el de tu florister\u00eda, localidad y un tel\u00e9fono de contacto.<\/p>\n<p>&nbsp;<\/p>\n","protected":false},"excerpt":{"rendered":"<p>Los d\u00edas 8 y 9 de enero hemos tenido a Gloria Cid en las instalaciones de Flores El Cal\u00e9 en Mercavalencia, impartiendo el curso \u201cSecado de Ramos de Novia\u201d. Los alumnos asistentes quedaban gratamente complacidos con esta experiencia, que les ha proporcionado herramientas para manejarse con soltura en el secado de flores y su conservaci\u00f3n, &hellip; <a href=\"https:\/\/www.blogdelflorista.es\/index.php\/2018\/01\/24\/como-secar-ramos-de-novia-por-gloria-cid\/\" class=\"more-link\">Seguir leyendo <span class=\"screen-reader-text\">C\u00f3mo secar ramos de novia, por Gloria Cid<\/span> <span class=\"meta-nav\">&rarr;<\/span><\/a><\/p>\n","protected":false},"author":1,"featured_media":1941,"comment_status":"open","ping_status":"closed","sticky":false,"template":"","format":"standard","meta":{"_mi_skip_tracking":false},"categories":[1,2],"tags":[163,7,165,168,112,167,164,162,161,166],"_links":{"self":[{"href":"https:\/\/www.blogdelflorista.es\/index.php\/wp-json\/wp\/v2\/posts\/1935"}],"collection":[{"href":"https:\/\/www.blogdelflorista.es\/index.php\/wp-json\/wp\/v2\/posts"}],"about":[{"href":"https:\/\/www.blogdelflorista.es\/index.php\/wp-json\/wp\/v2\/types\/post"}],"author":[{"embeddable":true,"href":"https:\/\/www.blogdelflorista.es\/index.php\/wp-json\/wp\/v2\/users\/1"}],"replies":[{"embeddable":true,"href":"https:\/\/www.blogdelflorista.es\/index.php\/wp-json\/wp\/v2\/comments?post=1935"}],"version-history":[{"count":24,"href":"https:\/\/www.blogdelflorista.es\/index.php\/wp-json\/wp\/v2\/posts\/1935\/revisions"}],"predecessor-version":[{"id":2012,"href":"https:\/\/www.blogdelflorista.es\/index.php\/wp-json\/wp\/v2\/posts\/1935\/revisions\/2012"}],"wp:featuredmedia":[{"embeddable":true,"href":"https:\/\/www.blogdelflorista.es\/index.php\/wp-json\/wp\/v2\/media\/1941"}],"wp:attachment":[{"href":"https:\/\/www.blogdelflorista.es\/index.php\/wp-json\/wp\/v2\/media?parent=1935"}],"wp:term":[{"taxonomy":"category","embeddable":true,"href":"https:\/\/www.blogdelflorista.es\/index.php\/wp-json\/wp\/v2\/categories?post=1935"},{"taxonomy":"post_tag","embeddable":true,"href":"https:\/\/www.blogdelflorista.es\/index.php\/wp-json\/wp\/v2\/tags?post=1935"}],"curies":[{"name":"wp","href":"https:\/\/api.w.org\/{rel}","templated":true}]}}