{"id":2133,"date":"2018-03-14T18:02:59","date_gmt":"2018-03-14T18:02:59","guid":{"rendered":"http:\/\/www.blogdelflorista.es\/?p=2133"},"modified":"2018-03-14T18:11:15","modified_gmt":"2018-03-14T18:11:15","slug":"todo-lo-que-quiso-saber-sobre-la-palma-blanca-y-no-se-atrevio-a-preguntar","status":"publish","type":"post","link":"https:\/\/www.blogdelflorista.es\/index.php\/2018\/03\/14\/todo-lo-que-quiso-saber-sobre-la-palma-blanca-y-no-se-atrevio-a-preguntar\/","title":{"rendered":"Todo lo que quiso saber sobre la palma blanca\u2026 y no se atrevi\u00f3 a preguntar"},"content":{"rendered":"<p>&nbsp;<\/p>\n<figure id=\"attachment_2135\" aria-describedby=\"caption-attachment-2135\" style=\"width: 1391px\" class=\"wp-caption aligncenter\"><a href=\"http:\/\/www.blogdelflorista.es\/wp-content\/uploads\/2018\/03\/baja-Domingo-de-Ramos-Elche-72.jpg\"><img loading=\"lazy\" class=\"wp-image-2135 size-full\" src=\"http:\/\/www.blogdelflorista.es\/wp-content\/uploads\/2018\/03\/baja-Domingo-de-Ramos-Elche-72.jpg\" alt=\"\" width=\"1391\" height=\"924\" srcset=\"https:\/\/www.blogdelflorista.es\/wp-content\/uploads\/2018\/03\/baja-Domingo-de-Ramos-Elche-72.jpg 1391w, https:\/\/www.blogdelflorista.es\/wp-content\/uploads\/2018\/03\/baja-Domingo-de-Ramos-Elche-72-300x199.jpg 300w, https:\/\/www.blogdelflorista.es\/wp-content\/uploads\/2018\/03\/baja-Domingo-de-Ramos-Elche-72-768x510.jpg 768w, https:\/\/www.blogdelflorista.es\/wp-content\/uploads\/2018\/03\/baja-Domingo-de-Ramos-Elche-72-1024x680.jpg 1024w\" sizes=\"(max-width: 1391px) 100vw, 1391px\" \/><\/a><figcaption id=\"caption-attachment-2135\" class=\"wp-caption-text\">Domingo de Ramos en Elche<\/figcaption><\/figure>\n<p>&nbsp;<\/p>\n<p>Las palmas son un elemento t\u00edpico de la Semana Santa. La ciudad de Elche (Alicante) incorpor\u00f3 en su d\u00eda el uso de la <strong>palma blanca<\/strong> y lo cierto es que en la actualidad son utilizadas en las procesiones de toda Espa\u00f1a.<\/p>\n<p>La palma blanca de Elche es comercializada en nuestro pa\u00eds, as\u00ed como Portugal, Francia, Italia, Alemania, Inglaterra, B\u00e9lgica,\u2026<\/p>\n<p>Se trata de un producto que encaja a la perfecci\u00f3n en la gama que puede tener a la venta una florister\u00eda.<\/p>\n<figure id=\"attachment_2139\" aria-describedby=\"caption-attachment-2139\" style=\"width: 604px\" class=\"wp-caption aligncenter\"><a href=\"http:\/\/www.blogdelflorista.es\/wp-content\/uploads\/2018\/03\/baja-Domingo-de-Ramos-Elche-16.jpg\"><img loading=\"lazy\" class=\"wp-image-2139 size-large\" src=\"http:\/\/www.blogdelflorista.es\/wp-content\/uploads\/2018\/03\/baja-Domingo-de-Ramos-Elche-16-680x1024.jpg\" alt=\"\" width=\"604\" height=\"910\" srcset=\"https:\/\/www.blogdelflorista.es\/wp-content\/uploads\/2018\/03\/baja-Domingo-de-Ramos-Elche-16-680x1024.jpg 680w, https:\/\/www.blogdelflorista.es\/wp-content\/uploads\/2018\/03\/baja-Domingo-de-Ramos-Elche-16-199x300.jpg 199w, https:\/\/www.blogdelflorista.es\/wp-content\/uploads\/2018\/03\/baja-Domingo-de-Ramos-Elche-16-768x1156.jpg 768w, https:\/\/www.blogdelflorista.es\/wp-content\/uploads\/2018\/03\/baja-Domingo-de-Ramos-Elche-16.jpg 855w\" sizes=\"(max-width: 604px) 100vw, 604px\" \/><\/a><figcaption id=\"caption-attachment-2139\" class=\"wp-caption-text\">Domingo de Ramos en Elche<\/figcaption><\/figure>\n<p>&nbsp;<\/p>\n<h2><strong>De d\u00f3nde procede\u2026<\/strong><\/h2>\n<p>Pero, \u00bf<strong>de d\u00f3nde procede la palma blanca<\/strong>? Su origen est\u00e1 en la palmera datilera (Phoenix dactylifera).<\/p>\n<p>El proceso de obtenci\u00f3n de palma blanca es llevado a cabo por profesionales que han heredado de sus antecesores unas t\u00e9cnicas muy particulares.<\/p>\n<p>En primer lugar, se ha de proceder al \u201c<strong>encaperuzado<\/strong>\u201d de la palmera. Esta operaci\u00f3n tiene lugar en verano y consiste en reunir y atar las hojas o palmas con una capa de material vegetal o pl\u00e1stico. La ausencia de luz que impedir\u00e1 la fotos\u00edntesis va a ser la responsable del color blanco en las palmas.<\/p>\n<p>A partir de Navidad, se procede a cortar esa \u201ccaperuza\u201d para poder <strong>recoger la palma blanca<\/strong> que reside en su interior.<\/p>\n<p>Ni qu\u00e9 decir tiene que estas operaciones requieren que personas expertas suban a la palmera, para limpiar los restos secos, proceder al encapuchado, recolectar las palmas,\u2026<\/p>\n<p>Las hojas seleccionadas para su uso como palma blanca, una vez clasificadas seg\u00fan criterios de blancura y altura, son atadas en haces e introducidas en agua con lej\u00eda. Y posteriormente son almacenadas en condiciones especiales de humedad, luz,\u2026, hasta que son utilizadas.<\/p>\n<div id='gallery-1' class='gallery galleryid-2133 gallery-columns-2 gallery-size-medium'><figure class='gallery-item'>\n\t\t\t<div class='gallery-icon landscape'>\n\t\t\t\t<a href='https:\/\/www.blogdelflorista.es\/index.php\/2018\/03\/14\/todo-lo-que-quiso-saber-sobre-la-palma-blanca-y-no-se-atrevio-a-preguntar\/baja-palma-51\/'><img width=\"300\" height=\"200\" src=\"https:\/\/www.blogdelflorista.es\/wp-content\/uploads\/2018\/03\/baja-palma-51-300x200.jpg\" class=\"attachment-medium size-medium\" alt=\"\" loading=\"lazy\" aria-describedby=\"gallery-1-2144\" srcset=\"https:\/\/www.blogdelflorista.es\/wp-content\/uploads\/2018\/03\/baja-palma-51-300x200.jpg 300w, https:\/\/www.blogdelflorista.es\/wp-content\/uploads\/2018\/03\/baja-palma-51-768x512.jpg 768w, https:\/\/www.blogdelflorista.es\/wp-content\/uploads\/2018\/03\/baja-palma-51-1024x683.jpg 1024w, https:\/\/www.blogdelflorista.es\/wp-content\/uploads\/2018\/03\/baja-palma-51.jpg 1440w\" sizes=\"(max-width: 300px) 100vw, 300px\" \/><\/a>\n\t\t\t<\/div>\n\t\t\t\t<figcaption class='wp-caption-text gallery-caption' id='gallery-1-2144'>\n\t\t\t\tTrabajado de la palma\n\t\t\t\t<\/figcaption><\/figure><figure class='gallery-item'>\n\t\t\t<div class='gallery-icon landscape'>\n\t\t\t\t<a href='https:\/\/www.blogdelflorista.es\/index.php\/2018\/03\/14\/todo-lo-que-quiso-saber-sobre-la-palma-blanca-y-no-se-atrevio-a-preguntar\/baja-palma-61\/'><img width=\"300\" height=\"200\" src=\"https:\/\/www.blogdelflorista.es\/wp-content\/uploads\/2018\/03\/baja-palma-61-300x200.jpg\" class=\"attachment-medium size-medium\" alt=\"\" loading=\"lazy\" aria-describedby=\"gallery-1-2149\" srcset=\"https:\/\/www.blogdelflorista.es\/wp-content\/uploads\/2018\/03\/baja-palma-61-300x200.jpg 300w, https:\/\/www.blogdelflorista.es\/wp-content\/uploads\/2018\/03\/baja-palma-61-768x512.jpg 768w, https:\/\/www.blogdelflorista.es\/wp-content\/uploads\/2018\/03\/baja-palma-61-1024x683.jpg 1024w, https:\/\/www.blogdelflorista.es\/wp-content\/uploads\/2018\/03\/baja-palma-61.jpg 1440w\" sizes=\"(max-width: 300px) 100vw, 300px\" \/><\/a>\n\t\t\t<\/div>\n\t\t\t\t<figcaption class='wp-caption-text gallery-caption' id='gallery-1-2149'>\n\t\t\t\tTrabajado de la palma\n\t\t\t\t<\/figcaption><\/figure>\n\t\t<\/div>\n\n<p><a href=\"http:\/\/www.blogdelflorista.es\/wp-content\/uploads\/2018\/03\/baja-palma-164.jpg\"><img loading=\"lazy\" class=\"aligncenter size-large wp-image-2141\" src=\"http:\/\/www.blogdelflorista.es\/wp-content\/uploads\/2018\/03\/baja-palma-164-1024x683.jpg\" alt=\"\" width=\"604\" height=\"403\" srcset=\"https:\/\/www.blogdelflorista.es\/wp-content\/uploads\/2018\/03\/baja-palma-164-1024x683.jpg 1024w, https:\/\/www.blogdelflorista.es\/wp-content\/uploads\/2018\/03\/baja-palma-164-300x200.jpg 300w, https:\/\/www.blogdelflorista.es\/wp-content\/uploads\/2018\/03\/baja-palma-164-768x512.jpg 768w, https:\/\/www.blogdelflorista.es\/wp-content\/uploads\/2018\/03\/baja-palma-164.jpg 1728w\" sizes=\"(max-width: 604px) 100vw, 604px\" \/><\/a><\/p>\n<div id='gallery-2' class='gallery galleryid-2133 gallery-columns-2 gallery-size-medium'><figure class='gallery-item'>\n\t\t\t<div class='gallery-icon landscape'>\n\t\t\t\t<a href='https:\/\/www.blogdelflorista.es\/index.php\/2018\/03\/14\/todo-lo-que-quiso-saber-sobre-la-palma-blanca-y-no-se-atrevio-a-preguntar\/baja-palma-150-recort\/'><img width=\"300\" height=\"200\" src=\"https:\/\/www.blogdelflorista.es\/wp-content\/uploads\/2018\/03\/baja-palma-150-recort.-300x200.jpg\" class=\"attachment-medium size-medium\" alt=\"\" loading=\"lazy\" aria-describedby=\"gallery-2-2148\" srcset=\"https:\/\/www.blogdelflorista.es\/wp-content\/uploads\/2018\/03\/baja-palma-150-recort.-300x200.jpg 300w, https:\/\/www.blogdelflorista.es\/wp-content\/uploads\/2018\/03\/baja-palma-150-recort.-768x512.jpg 768w, https:\/\/www.blogdelflorista.es\/wp-content\/uploads\/2018\/03\/baja-palma-150-recort.-1024x683.jpg 1024w, https:\/\/www.blogdelflorista.es\/wp-content\/uploads\/2018\/03\/baja-palma-150-recort..jpg 1440w\" sizes=\"(max-width: 300px) 100vw, 300px\" \/><\/a>\n\t\t\t<\/div>\n\t\t\t\t<figcaption class='wp-caption-text gallery-caption' id='gallery-2-2148'>\n\t\t\t\tTrabajado de la palma\n\t\t\t\t<\/figcaption><\/figure><figure class='gallery-item'>\n\t\t\t<div class='gallery-icon landscape'>\n\t\t\t\t<a href='https:\/\/www.blogdelflorista.es\/index.php\/2018\/03\/14\/todo-lo-que-quiso-saber-sobre-la-palma-blanca-y-no-se-atrevio-a-preguntar\/baja-palma-129\/'><img width=\"300\" height=\"200\" src=\"https:\/\/www.blogdelflorista.es\/wp-content\/uploads\/2018\/03\/baja-palma-129-300x200.jpg\" class=\"attachment-medium size-medium\" alt=\"\" loading=\"lazy\" aria-describedby=\"gallery-2-2147\" srcset=\"https:\/\/www.blogdelflorista.es\/wp-content\/uploads\/2018\/03\/baja-palma-129-300x200.jpg 300w, https:\/\/www.blogdelflorista.es\/wp-content\/uploads\/2018\/03\/baja-palma-129-768x512.jpg 768w, https:\/\/www.blogdelflorista.es\/wp-content\/uploads\/2018\/03\/baja-palma-129-1024x683.jpg 1024w, https:\/\/www.blogdelflorista.es\/wp-content\/uploads\/2018\/03\/baja-palma-129.jpg 1440w\" sizes=\"(max-width: 300px) 100vw, 300px\" \/><\/a>\n\t\t\t<\/div>\n\t\t\t\t<figcaption class='wp-caption-text gallery-caption' id='gallery-2-2147'>\n\t\t\t\tTrabajado de la palma\n\t\t\t\t<\/figcaption><\/figure>\n\t\t<\/div>\n\n<p><a href=\"http:\/\/www.blogdelflorista.es\/wp-content\/uploads\/2018\/03\/baja-palma-49.jpg\"><img loading=\"lazy\" class=\"aligncenter size-large wp-image-2151\" src=\"http:\/\/www.blogdelflorista.es\/wp-content\/uploads\/2018\/03\/baja-palma-49-1024x683.jpg\" alt=\"\" width=\"604\" height=\"403\" srcset=\"https:\/\/www.blogdelflorista.es\/wp-content\/uploads\/2018\/03\/baja-palma-49-1024x683.jpg 1024w, https:\/\/www.blogdelflorista.es\/wp-content\/uploads\/2018\/03\/baja-palma-49-300x200.jpg 300w, https:\/\/www.blogdelflorista.es\/wp-content\/uploads\/2018\/03\/baja-palma-49-768x512.jpg 768w\" sizes=\"(max-width: 604px) 100vw, 604px\" \/><\/a><\/p>\n<div id='gallery-3' class='gallery galleryid-2133 gallery-columns-2 gallery-size-medium'><figure class='gallery-item'>\n\t\t\t<div class='gallery-icon landscape'>\n\t\t\t\t<a href='https:\/\/www.blogdelflorista.es\/index.php\/2018\/03\/14\/todo-lo-que-quiso-saber-sobre-la-palma-blanca-y-no-se-atrevio-a-preguntar\/baja-palma-18\/'><img width=\"300\" height=\"200\" src=\"https:\/\/www.blogdelflorista.es\/wp-content\/uploads\/2018\/03\/baja-palma-18-300x200.jpg\" class=\"attachment-medium size-medium\" alt=\"\" loading=\"lazy\" aria-describedby=\"gallery-3-2142\" srcset=\"https:\/\/www.blogdelflorista.es\/wp-content\/uploads\/2018\/03\/baja-palma-18-300x200.jpg 300w, https:\/\/www.blogdelflorista.es\/wp-content\/uploads\/2018\/03\/baja-palma-18-768x512.jpg 768w, https:\/\/www.blogdelflorista.es\/wp-content\/uploads\/2018\/03\/baja-palma-18-1024x683.jpg 1024w, https:\/\/www.blogdelflorista.es\/wp-content\/uploads\/2018\/03\/baja-palma-18.jpg 1440w\" sizes=\"(max-width: 300px) 100vw, 300px\" \/><\/a>\n\t\t\t<\/div>\n\t\t\t\t<figcaption class='wp-caption-text gallery-caption' id='gallery-3-2142'>\n\t\t\t\tTrabajado de la palma\n\t\t\t\t<\/figcaption><\/figure><figure class='gallery-item'>\n\t\t\t<div class='gallery-icon landscape'>\n\t\t\t\t<a href='https:\/\/www.blogdelflorista.es\/index.php\/2018\/03\/14\/todo-lo-que-quiso-saber-sobre-la-palma-blanca-y-no-se-atrevio-a-preguntar\/baja-palma-106\/'><img width=\"300\" height=\"200\" src=\"https:\/\/www.blogdelflorista.es\/wp-content\/uploads\/2018\/03\/baja-palma-106-300x200.jpg\" class=\"attachment-medium size-medium\" alt=\"\" loading=\"lazy\" aria-describedby=\"gallery-3-2146\" srcset=\"https:\/\/www.blogdelflorista.es\/wp-content\/uploads\/2018\/03\/baja-palma-106-300x200.jpg 300w, https:\/\/www.blogdelflorista.es\/wp-content\/uploads\/2018\/03\/baja-palma-106-768x512.jpg 768w, https:\/\/www.blogdelflorista.es\/wp-content\/uploads\/2018\/03\/baja-palma-106-1024x683.jpg 1024w, https:\/\/www.blogdelflorista.es\/wp-content\/uploads\/2018\/03\/baja-palma-106.jpg 1440w\" sizes=\"(max-width: 300px) 100vw, 300px\" \/><\/a>\n\t\t\t<\/div>\n\t\t\t\t<figcaption class='wp-caption-text gallery-caption' id='gallery-3-2146'>\n\t\t\t\tTrabajado de la palma\n\t\t\t\t<\/figcaption><\/figure>\n\t\t<\/div>\n\n<p>&nbsp;<\/p>\n<h2><strong>Palmas lisas y trabajadas<\/strong><\/h2>\n<p>Hay dos formas de comercializar la palma blanca: Lisa y rizada (tambi\u00e9n denominada trabajada). Son utilizadas como palmas lisas aquellas con menos imperfecciones y m\u00e1s blancas. <strong>El trabajado de la palma se realiza en talleres<\/strong>, normalmente de car\u00e1cter familiar, y en el proceso se confiere a las palmas distintos adornos (formas diversas, trenzados,\u2026)<\/p>\n<p>Existen a la venta <strong>palmas de reducidas dimensiones<\/strong>, apenas unos cent\u00edmetros, utilizadas para solapas, por ejemplo. Y, en el otro extremo encontramos <strong>palmas de m\u00e1s de tres metros de longitud<\/strong>. Las dimensiones de las palmas trabajadas comerciales oscilan entre 30-90cm, aproximadamente, mientras que encontramos palma lisa desde 50cm hasta tres o m\u00e1s metros.<\/p>\n<div id='gallery-4' class='gallery galleryid-2133 gallery-columns-6 gallery-size-thumbnail'><figure class='gallery-item'>\n\t\t\t<div class='gallery-icon landscape'>\n\t\t\t\t<a href='https:\/\/www.blogdelflorista.es\/index.php\/2018\/03\/14\/todo-lo-que-quiso-saber-sobre-la-palma-blanca-y-no-se-atrevio-a-preguntar\/baja-palma-61\/'><img width=\"150\" height=\"150\" src=\"https:\/\/www.blogdelflorista.es\/wp-content\/uploads\/2018\/03\/baja-palma-61-150x150.jpg\" class=\"attachment-thumbnail size-thumbnail\" alt=\"\" loading=\"lazy\" aria-describedby=\"gallery-4-2149\" \/><\/a>\n\t\t\t<\/div>\n\t\t\t\t<figcaption class='wp-caption-text gallery-caption' id='gallery-4-2149'>\n\t\t\t\tTrabajado de la palma\n\t\t\t\t<\/figcaption><\/figure><figure class='gallery-item'>\n\t\t\t<div class='gallery-icon landscape'>\n\t\t\t\t<a href='https:\/\/www.blogdelflorista.es\/index.php\/2018\/03\/14\/todo-lo-que-quiso-saber-sobre-la-palma-blanca-y-no-se-atrevio-a-preguntar\/baja-palma-150-recort\/'><img width=\"150\" height=\"150\" src=\"https:\/\/www.blogdelflorista.es\/wp-content\/uploads\/2018\/03\/baja-palma-150-recort.-150x150.jpg\" class=\"attachment-thumbnail size-thumbnail\" alt=\"\" loading=\"lazy\" aria-describedby=\"gallery-4-2148\" \/><\/a>\n\t\t\t<\/div>\n\t\t\t\t<figcaption class='wp-caption-text gallery-caption' id='gallery-4-2148'>\n\t\t\t\tTrabajado de la palma\n\t\t\t\t<\/figcaption><\/figure><figure class='gallery-item'>\n\t\t\t<div class='gallery-icon landscape'>\n\t\t\t\t<a href='https:\/\/www.blogdelflorista.es\/index.php\/2018\/03\/14\/todo-lo-que-quiso-saber-sobre-la-palma-blanca-y-no-se-atrevio-a-preguntar\/baja-palma-129\/'><img width=\"150\" height=\"150\" src=\"https:\/\/www.blogdelflorista.es\/wp-content\/uploads\/2018\/03\/baja-palma-129-150x150.jpg\" class=\"attachment-thumbnail size-thumbnail\" alt=\"\" loading=\"lazy\" aria-describedby=\"gallery-4-2147\" \/><\/a>\n\t\t\t<\/div>\n\t\t\t\t<figcaption class='wp-caption-text gallery-caption' id='gallery-4-2147'>\n\t\t\t\tTrabajado de la palma\n\t\t\t\t<\/figcaption><\/figure><figure class='gallery-item'>\n\t\t\t<div class='gallery-icon landscape'>\n\t\t\t\t<a href='https:\/\/www.blogdelflorista.es\/index.php\/2018\/03\/14\/todo-lo-que-quiso-saber-sobre-la-palma-blanca-y-no-se-atrevio-a-preguntar\/baja-palma-106\/'><img width=\"150\" height=\"150\" src=\"https:\/\/www.blogdelflorista.es\/wp-content\/uploads\/2018\/03\/baja-palma-106-150x150.jpg\" class=\"attachment-thumbnail size-thumbnail\" alt=\"\" loading=\"lazy\" aria-describedby=\"gallery-4-2146\" \/><\/a>\n\t\t\t<\/div>\n\t\t\t\t<figcaption class='wp-caption-text gallery-caption' id='gallery-4-2146'>\n\t\t\t\tTrabajado de la palma\n\t\t\t\t<\/figcaption><\/figure><figure class='gallery-item'>\n\t\t\t<div class='gallery-icon landscape'>\n\t\t\t\t<a href='https:\/\/www.blogdelflorista.es\/index.php\/2018\/03\/14\/todo-lo-que-quiso-saber-sobre-la-palma-blanca-y-no-se-atrevio-a-preguntar\/baja-palma-51\/'><img width=\"150\" height=\"150\" src=\"https:\/\/www.blogdelflorista.es\/wp-content\/uploads\/2018\/03\/baja-palma-51-150x150.jpg\" class=\"attachment-thumbnail size-thumbnail\" alt=\"\" loading=\"lazy\" aria-describedby=\"gallery-4-2144\" \/><\/a>\n\t\t\t<\/div>\n\t\t\t\t<figcaption class='wp-caption-text gallery-caption' id='gallery-4-2144'>\n\t\t\t\tTrabajado de la palma\n\t\t\t\t<\/figcaption><\/figure><figure class='gallery-item'>\n\t\t\t<div class='gallery-icon landscape'>\n\t\t\t\t<a href='https:\/\/www.blogdelflorista.es\/index.php\/2018\/03\/14\/todo-lo-que-quiso-saber-sobre-la-palma-blanca-y-no-se-atrevio-a-preguntar\/baja-palma-18\/'><img width=\"150\" height=\"150\" src=\"https:\/\/www.blogdelflorista.es\/wp-content\/uploads\/2018\/03\/baja-palma-18-150x150.jpg\" class=\"attachment-thumbnail size-thumbnail\" alt=\"\" loading=\"lazy\" aria-describedby=\"gallery-4-2142\" \/><\/a>\n\t\t\t<\/div>\n\t\t\t\t<figcaption class='wp-caption-text gallery-caption' id='gallery-4-2142'>\n\t\t\t\tTrabajado de la palma\n\t\t\t\t<\/figcaption><\/figure>\n\t\t<\/div>\n\n<p>&nbsp;<\/p>\n<h2><strong>Palmera datilera<\/strong><\/h2>\n<p><strong>La palmera datilera (Phoenix dactylifera)<\/strong> pertenece a la familia bot\u00e1nica de las Arec\u00e1ceas o Palm\u00e1ceas, a su vez compuesta por cerca de 3.000 especies distribuidas principalmente por las regiones tropicales y subtropicales de nuestro planeta.<\/p>\n<p>Esta palmera ha sido aprovechadas por el hombre desde hace varios miles de a\u00f1os, especialmente para el consumo de sus frutos, los d\u00e1tiles. Las palmeras datileras tambi\u00e9n son utilizadas para hacer cuerdas, telas, canastas, esteras, tableros, bastones, tambi\u00e9n en construcci\u00f3n, como combustible,&#8230;, adem\u00e1s de las propias palmas. Las palmeras hembra que dan d\u00e1tiles de buena calidad no son utilizadas para palma blanca.<\/p>\n<p>Tambi\u00e9n encontramos estas especies vegetales en nuestro pa\u00eds, especialmente en el litoral mediterr\u00e1neo.<\/p>\n<figure id=\"attachment_2138\" aria-describedby=\"caption-attachment-2138\" style=\"width: 1264px\" class=\"wp-caption aligncenter\"><a href=\"http:\/\/www.blogdelflorista.es\/wp-content\/uploads\/2018\/03\/baja-_MG_2099.jpg\"><img loading=\"lazy\" class=\"wp-image-2138 size-full\" src=\"http:\/\/www.blogdelflorista.es\/wp-content\/uploads\/2018\/03\/baja-_MG_2099.jpg\" alt=\"\" width=\"1264\" height=\"843\" srcset=\"https:\/\/www.blogdelflorista.es\/wp-content\/uploads\/2018\/03\/baja-_MG_2099.jpg 1264w, https:\/\/www.blogdelflorista.es\/wp-content\/uploads\/2018\/03\/baja-_MG_2099-300x200.jpg 300w, https:\/\/www.blogdelflorista.es\/wp-content\/uploads\/2018\/03\/baja-_MG_2099-768x512.jpg 768w, https:\/\/www.blogdelflorista.es\/wp-content\/uploads\/2018\/03\/baja-_MG_2099-1024x683.jpg 1024w\" sizes=\"(max-width: 1264px) 100vw, 1264px\" \/><\/a><figcaption id=\"caption-attachment-2138\" class=\"wp-caption-text\">Palmeral de Elche, Patrimonio de la Humanidad desde el a\u00f1o 2000<\/figcaption><\/figure>\n<p>&nbsp;<\/p>\n<h2><strong>Palmeral de Elche<\/strong><\/h2>\n<p>En Elche existen entre 200.000 y 300.000 ejemplares, siendo el <strong>Palmeral de Elche<\/strong> el mayor de Europa, declarado Patrimonio de la Humanidad en el a\u00f1o 2000.<\/p>\n<p>Numerosos datos apuntan a que el origen de este palmeral se remonta a la \u00e9poca de los fenicios, por lo que no ser\u00eda descabellado pensar que la palmera datilera es cultivada en Elche desde hace 2000-5000 a\u00f1os. Y fueron los \u00e1rabes quienes conformaron el sistema de huertos cuyos vestigios a\u00fan son visibles en la ciudad. Estos huertos combinaban el cultivo de palmeras, \u00e1rboles frutales y especies hort\u00edcolas, con un sistema de aprovechamiento y uso del agua muy interesante.<\/p>\n<p>Si bien la iconograf\u00eda ya muestra la palma en sus actos rituales, es en el a\u00f1o 1371 cuando se mencionan por primera vez los ramos de palma blanca utilizados en la procesi\u00f3n del <strong>Domingo de Ramos<\/strong>, en la ciudad ilicitana. Y as\u00ed, hasta el d\u00eda de hoy.<\/p>\n<p>&nbsp;<\/p>\n<p>&nbsp;<\/p>\n<h6>Texto, fuente:<\/h6>\n<p>www.visitelche.com<\/p>\n<p>http:\/\/jardin.huertodelcura.com<\/p>\n<p>https:\/\/es.wikipedia.org<\/p>\n<h6>Fotos:<\/h6>\n<p>\u00a9VisitElche y Ajuntament d\u2019Elx<\/p>\n<p>&nbsp;<\/p>\n<p>&nbsp;<\/p>\n","protected":false},"excerpt":{"rendered":"<p>&nbsp; &nbsp; Las palmas son un elemento t\u00edpico de la Semana Santa. La ciudad de Elche (Alicante) incorpor\u00f3 en su d\u00eda el uso de la palma blanca y lo cierto es que en la actualidad son utilizadas en las procesiones de toda Espa\u00f1a. La palma blanca de Elche es comercializada en nuestro pa\u00eds, as\u00ed como &hellip; <a href=\"https:\/\/www.blogdelflorista.es\/index.php\/2018\/03\/14\/todo-lo-que-quiso-saber-sobre-la-palma-blanca-y-no-se-atrevio-a-preguntar\/\" class=\"more-link\">Seguir leyendo <span class=\"screen-reader-text\">Todo lo que quiso saber sobre la palma blanca\u2026 y no se atrevi\u00f3 a preguntar<\/span> <span class=\"meta-nav\">&rarr;<\/span><\/a><\/p>\n","protected":false},"author":1,"featured_media":2137,"comment_status":"open","ping_status":"closed","sticky":false,"template":"","format":"standard","meta":{"_mi_skip_tracking":false},"categories":[5,4],"tags":[18,173,177,178,175,176,174],"_links":{"self":[{"href":"https:\/\/www.blogdelflorista.es\/index.php\/wp-json\/wp\/v2\/posts\/2133"}],"collection":[{"href":"https:\/\/www.blogdelflorista.es\/index.php\/wp-json\/wp\/v2\/posts"}],"about":[{"href":"https:\/\/www.blogdelflorista.es\/index.php\/wp-json\/wp\/v2\/types\/post"}],"author":[{"embeddable":true,"href":"https:\/\/www.blogdelflorista.es\/index.php\/wp-json\/wp\/v2\/users\/1"}],"replies":[{"embeddable":true,"href":"https:\/\/www.blogdelflorista.es\/index.php\/wp-json\/wp\/v2\/comments?post=2133"}],"version-history":[{"count":9,"href":"https:\/\/www.blogdelflorista.es\/index.php\/wp-json\/wp\/v2\/posts\/2133\/revisions"}],"predecessor-version":[{"id":2156,"href":"https:\/\/www.blogdelflorista.es\/index.php\/wp-json\/wp\/v2\/posts\/2133\/revisions\/2156"}],"wp:featuredmedia":[{"embeddable":true,"href":"https:\/\/www.blogdelflorista.es\/index.php\/wp-json\/wp\/v2\/media\/2137"}],"wp:attachment":[{"href":"https:\/\/www.blogdelflorista.es\/index.php\/wp-json\/wp\/v2\/media?parent=2133"}],"wp:term":[{"taxonomy":"category","embeddable":true,"href":"https:\/\/www.blogdelflorista.es\/index.php\/wp-json\/wp\/v2\/categories?post=2133"},{"taxonomy":"post_tag","embeddable":true,"href":"https:\/\/www.blogdelflorista.es\/index.php\/wp-json\/wp\/v2\/tags?post=2133"}],"curies":[{"name":"wp","href":"https:\/\/api.w.org\/{rel}","templated":true}]}}