{"id":561,"date":"2015-07-22T06:39:31","date_gmt":"2015-07-22T06:39:31","guid":{"rendered":"http:\/\/www.blogdelflorista.es\/?p=561"},"modified":"2015-07-22T06:41:53","modified_gmt":"2015-07-22T06:41:53","slug":"sombreros-florales-nuevos-territorios-para-el-florista","status":"publish","type":"post","link":"https:\/\/www.blogdelflorista.es\/index.php\/2015\/07\/22\/sombreros-florales-nuevos-territorios-para-el-florista\/","title":{"rendered":"Sombreros florales, nuevos territorios para el florista"},"content":{"rendered":"<p>&nbsp;<\/p>\n<div id='gallery-1' class='gallery galleryid-561 gallery-columns-2 gallery-size-medium'><figure class='gallery-item'>\n\t\t\t<div class='gallery-icon landscape'>\n\t\t\t\t<a href='https:\/\/www.blogdelflorista.es\/index.php\/2015\/07\/22\/sombreros-florales-nuevos-territorios-para-el-florista\/img_8713-baja\/'><img width=\"300\" height=\"200\" src=\"https:\/\/www.blogdelflorista.es\/wp-content\/uploads\/2015\/07\/IMG_8713-BAJA-300x200.jpg\" class=\"attachment-medium size-medium\" alt=\"\" loading=\"lazy\" aria-describedby=\"gallery-1-564\" srcset=\"https:\/\/www.blogdelflorista.es\/wp-content\/uploads\/2015\/07\/IMG_8713-BAJA-300x200.jpg 300w, https:\/\/www.blogdelflorista.es\/wp-content\/uploads\/2015\/07\/IMG_8713-BAJA-1024x682.jpg 1024w, https:\/\/www.blogdelflorista.es\/wp-content\/uploads\/2015\/07\/IMG_8713-BAJA.jpg 1136w\" sizes=\"(max-width: 300px) 100vw, 300px\" \/><\/a>\n\t\t\t<\/div>\n\t\t\t\t<figcaption class='wp-caption-text gallery-caption' id='gallery-1-564'>\n\t\t\t\tSombrero floral fin de curso Escuela de Arte Floral y Dise\u00f1o de Jardines de Catalu\u00f1a a\u00f1o 2015\n\t\t\t\t<\/figcaption><\/figure><figure class='gallery-item'>\n\t\t\t<div class='gallery-icon landscape'>\n\t\t\t\t<a href='https:\/\/www.blogdelflorista.es\/index.php\/2015\/07\/22\/sombreros-florales-nuevos-territorios-para-el-florista\/anna-hurtos-baja\/'><img width=\"300\" height=\"199\" src=\"https:\/\/www.blogdelflorista.es\/wp-content\/uploads\/2015\/07\/ANNA-HURTOS-BAJA-300x199.jpg\" class=\"attachment-medium size-medium\" alt=\"\" loading=\"lazy\" aria-describedby=\"gallery-1-563\" srcset=\"https:\/\/www.blogdelflorista.es\/wp-content\/uploads\/2015\/07\/ANNA-HURTOS-BAJA-300x199.jpg 300w, https:\/\/www.blogdelflorista.es\/wp-content\/uploads\/2015\/07\/ANNA-HURTOS-BAJA-1024x680.jpg 1024w, https:\/\/www.blogdelflorista.es\/wp-content\/uploads\/2015\/07\/ANNA-HURTOS-BAJA.jpg 1183w\" sizes=\"(max-width: 300px) 100vw, 300px\" \/><\/a>\n\t\t\t<\/div>\n\t\t\t\t<figcaption class='wp-caption-text gallery-caption' id='gallery-1-563'>\n\t\t\t\tSombrero floral de Anna Hurt\u00f3s, fin de curso Escuela de Arte Floral y Dise\u00f1o de Jardines de Catalu\u00f1a a\u00f1o 2015\n\t\t\t\t<\/figcaption><\/figure>\n\t\t<\/div>\n\n<p>El sombrero floral es un complemento que gana enteros. Reuniones y eventos sociales son el lugar ideal para lucirlos. El florista tiene ante s\u00ed una oportunidad de aplicar t\u00e9cnica, experiencia profesional y toda su imaginaci\u00f3n en un producto cada d\u00eda m\u00e1s popularizado.<\/p>\n<p><!--more--><\/p>\n<p>&nbsp;<\/p>\n<p><strong>Oportunidad de negocio<\/strong><\/p>\n<p>El concepto de sombrero floral responde a la inquietud de los floristas por experimentar en nuevos territorios art\u00edsticos.<\/p>\n<p>Se trata de un complemento que no est\u00e1 pensado para un uso habitual, sino m\u00e1s bien excepcional; de ah\u00ed que su creador quiz\u00e1 pueda tomarse m\u00e1s libertades a la hora de dise\u00f1arlo. Una boda u otro evento especial son ocasiones ideales para llevarlos.<\/p>\n<p>Las t\u00e9cnicas de florister\u00eda utilizadas en la realizaci\u00f3n de sombreros florales pr\u00e1cticamente son las mismas que las conocidas para cualquier otra composici\u00f3n floral; quiz\u00e1 una de las novedades consiste en la utilizaci\u00f3n de las t\u00e9cnicas de cester\u00eda.<\/p>\n<p>Los sombreros florales son dif\u00edcilmente clasificables. En su realizaci\u00f3n, son tan importantes la estructura como la colocaci\u00f3n de la flor (apuntar que algunas escuelas, caso de la Escuela de Arte Floral y Dise\u00f1o de Jardines de Catalu\u00f1a, exigen que la estructura est\u00e9 realizada con materiales vegetales).<\/p>\n<div id='gallery-2' class='gallery galleryid-561 gallery-columns-3 gallery-size-thumbnail'><figure class='gallery-item'>\n\t\t\t<div class='gallery-icon portrait'>\n\t\t\t\t<a href='https:\/\/www.blogdelflorista.es\/index.php\/2015\/07\/22\/sombreros-florales-nuevos-territorios-para-el-florista\/ant-e16w4097-baja\/'><img width=\"150\" height=\"150\" src=\"https:\/\/www.blogdelflorista.es\/wp-content\/uploads\/2015\/07\/ant.-E16W4097-BAJA-150x150.jpg\" class=\"attachment-thumbnail size-thumbnail\" alt=\"\" loading=\"lazy\" aria-describedby=\"gallery-2-566\" \/><\/a>\n\t\t\t<\/div>\n\t\t\t\t<figcaption class='wp-caption-text gallery-caption' id='gallery-2-566'>\n\t\t\t\tSombrero floral fin de curso Escuela de Arte Floral y Dise\u00f1o de Jardines de Catalu\u00f1a (ediciones anteriores)\n\t\t\t\t<\/figcaption><\/figure><figure class='gallery-item'>\n\t\t\t<div class='gallery-icon portrait'>\n\t\t\t\t<a href='https:\/\/www.blogdelflorista.es\/index.php\/2015\/07\/22\/sombreros-florales-nuevos-territorios-para-el-florista\/ant-laia-baja\/'><img width=\"150\" height=\"150\" src=\"https:\/\/www.blogdelflorista.es\/wp-content\/uploads\/2015\/07\/ant.-laia-BAJA-150x150.jpg\" class=\"attachment-thumbnail size-thumbnail\" alt=\"\" loading=\"lazy\" aria-describedby=\"gallery-2-567\" \/><\/a>\n\t\t\t<\/div>\n\t\t\t\t<figcaption class='wp-caption-text gallery-caption' id='gallery-2-567'>\n\t\t\t\tSombrero floral fin de curso Escuela de Arte Floral y Dise\u00f1o de Jardines de Catalu\u00f1a (ediciones anteriores)\n\t\t\t\t<\/figcaption><\/figure><figure class='gallery-item'>\n\t\t\t<div class='gallery-icon portrait'>\n\t\t\t\t<a href='https:\/\/www.blogdelflorista.es\/index.php\/2015\/07\/22\/sombreros-florales-nuevos-territorios-para-el-florista\/ant-sombrero_-baja\/'><img width=\"150\" height=\"150\" src=\"https:\/\/www.blogdelflorista.es\/wp-content\/uploads\/2015\/07\/ant.-SOMBRERO_-BAJA-150x150.jpg\" class=\"attachment-thumbnail size-thumbnail\" alt=\"\" loading=\"lazy\" aria-describedby=\"gallery-2-568\" \/><\/a>\n\t\t\t<\/div>\n\t\t\t\t<figcaption class='wp-caption-text gallery-caption' id='gallery-2-568'>\n\t\t\t\tSombrero floral fin de curso Escuela de Arte Floral y Dise\u00f1o de Jardines de Catalu\u00f1a (ediciones anteriores)\n\t\t\t\t<\/figcaption><\/figure>\n\t\t<\/div>\n\n<p>Las modas siempre marcan colores, tipos de flor, etc., si bien no hay un tipo de sombrero que marque tendencia en 2015, sino m\u00e1s bien todo lo contrario. S\u00ed podemos indicar como peculiaridad que el concepto de reciclaje vegetal ha sido incorporado en su confecci\u00f3n.<\/p>\n<p>Como bien sabe el florista, los sombreros florales son hoy d\u00eda una posibilidad m\u00e1s de negocio en la florister\u00eda que ha de tenerse muy en cuenta.<\/p>\n<p>&nbsp;<\/p>\n<div id='gallery-3' class='gallery galleryid-561 gallery-columns-3 gallery-size-thumbnail'><figure class='gallery-item'>\n\t\t\t<div class='gallery-icon landscape'>\n\t\t\t\t<a href='https:\/\/www.blogdelflorista.es\/index.php\/2015\/07\/22\/sombreros-florales-nuevos-territorios-para-el-florista\/img_8743-baja\/'><img width=\"150\" height=\"150\" src=\"https:\/\/www.blogdelflorista.es\/wp-content\/uploads\/2015\/07\/IMG_8743-BAJA-150x150.jpg\" class=\"attachment-thumbnail size-thumbnail\" alt=\"\" loading=\"lazy\" aria-describedby=\"gallery-3-570\" \/><\/a>\n\t\t\t<\/div>\n\t\t\t\t<figcaption class='wp-caption-text gallery-caption' id='gallery-3-570'>\n\t\t\t\tPresentaci\u00f3n fin de curso Escuela de Arte Floral y Dise\u00f1o de Jardines de Catalu\u00f1a a\u00f1o 2015\n\t\t\t\t<\/figcaption><\/figure><figure class='gallery-item'>\n\t\t\t<div class='gallery-icon landscape'>\n\t\t\t\t<a href='https:\/\/www.blogdelflorista.es\/index.php\/2015\/07\/22\/sombreros-florales-nuevos-territorios-para-el-florista\/img_8791-baja\/'><img width=\"150\" height=\"150\" src=\"https:\/\/www.blogdelflorista.es\/wp-content\/uploads\/2015\/07\/IMG_8791-BAJA-150x150.jpg\" class=\"attachment-thumbnail size-thumbnail\" alt=\"\" loading=\"lazy\" aria-describedby=\"gallery-3-571\" \/><\/a>\n\t\t\t<\/div>\n\t\t\t\t<figcaption class='wp-caption-text gallery-caption' id='gallery-3-571'>\n\t\t\t\tDesfile-concurso de sombreros, fin de curso Escuela de Arte Floral y Dise\u00f1o de Jardines de Catalu\u00f1a a\u00f1o 2015\n\t\t\t\t<\/figcaption><\/figure><figure class='gallery-item'>\n\t\t\t<div class='gallery-icon landscape'>\n\t\t\t\t<a href='https:\/\/www.blogdelflorista.es\/index.php\/2015\/07\/22\/sombreros-florales-nuevos-territorios-para-el-florista\/img_8875-baja\/'><img width=\"150\" height=\"150\" src=\"https:\/\/www.blogdelflorista.es\/wp-content\/uploads\/2015\/07\/IMG_8875-BAJA-150x150.jpg\" class=\"attachment-thumbnail size-thumbnail\" alt=\"\" loading=\"lazy\" aria-describedby=\"gallery-3-572\" \/><\/a>\n\t\t\t<\/div>\n\t\t\t\t<figcaption class='wp-caption-text gallery-caption' id='gallery-3-572'>\n\t\t\t\tSombreros florales fin de curso Escuela de Arte Floral y Dise\u00f1o de Jardines de Catalu\u00f1a a\u00f1o 2015\n\t\t\t\t<\/figcaption><\/figure>\n\t\t<\/div>\n\n<p><strong>Desfiles y concursos<\/strong><\/p>\n<p>En su final de curso, la Escuela de Arte Floral y Dise\u00f1o de Jardines de Catalu\u00f1a organiza un desfile-concurso de sombreros florales. La tarde del pasado 18 de junio ten\u00eda lugar la 21\u00aa edici\u00f3n, en los jardines de la mas\u00eda de Can Soler de Barcelona, sede actual de la entidad. El espacio del jard\u00edn y la fachada estaban decorados con plantas dentro de cestas de yute y el desfile estuvo acompa\u00f1ado por m\u00fasica de saxo en directo.<\/p>\n<div id='gallery-4' class='gallery galleryid-561 gallery-columns-3 gallery-size-thumbnail'><figure class='gallery-item'>\n\t\t\t<div class='gallery-icon portrait'>\n\t\t\t\t<a href='https:\/\/www.blogdelflorista.es\/index.php\/2015\/07\/22\/sombreros-florales-nuevos-territorios-para-el-florista\/marta-del-proposto-baja\/'><img width=\"150\" height=\"150\" src=\"https:\/\/www.blogdelflorista.es\/wp-content\/uploads\/2015\/07\/MARTA-DEL-PROPOSTO-BAJA-150x150.jpg\" class=\"attachment-thumbnail size-thumbnail\" alt=\"\" loading=\"lazy\" aria-describedby=\"gallery-4-575\" \/><\/a>\n\t\t\t<\/div>\n\t\t\t\t<figcaption class='wp-caption-text gallery-caption' id='gallery-4-575'>\n\t\t\t\tSombrero floral de Marta del Proposto, fin de curso Escuela de Arte Floral y Dise\u00f1o de Jardines de Catalu\u00f1a a\u00f1o 2015\n\t\t\t\t<\/figcaption><\/figure><figure class='gallery-item'>\n\t\t\t<div class='gallery-icon portrait'>\n\t\t\t\t<a href='https:\/\/www.blogdelflorista.es\/index.php\/2015\/07\/22\/sombreros-florales-nuevos-territorios-para-el-florista\/pablo-ibanez-baja\/'><img width=\"150\" height=\"150\" src=\"https:\/\/www.blogdelflorista.es\/wp-content\/uploads\/2015\/07\/PABLO-IBA\u00d1EZ-BAJA-150x150.jpg\" class=\"attachment-thumbnail size-thumbnail\" alt=\"\" loading=\"lazy\" aria-describedby=\"gallery-4-576\" \/><\/a>\n\t\t\t<\/div>\n\t\t\t\t<figcaption class='wp-caption-text gallery-caption' id='gallery-4-576'>\n\t\t\t\tSombrero floral de Pablo Ib\u00e1\u00f1ez, fin de curso Escuela de Arte Floral y Dise\u00f1o de Jardines de Catalu\u00f1a a\u00f1o 2015\n\t\t\t\t<\/figcaption><\/figure><figure class='gallery-item'>\n\t\t\t<div class='gallery-icon portrait'>\n\t\t\t\t<a href='https:\/\/www.blogdelflorista.es\/index.php\/2015\/07\/22\/sombreros-florales-nuevos-territorios-para-el-florista\/teresa-rocamora-baja\/'><img width=\"150\" height=\"150\" src=\"https:\/\/www.blogdelflorista.es\/wp-content\/uploads\/2015\/07\/TERESA-ROCAMORA-BAJA-150x150.jpg\" class=\"attachment-thumbnail size-thumbnail\" alt=\"\" loading=\"lazy\" aria-describedby=\"gallery-4-577\" \/><\/a>\n\t\t\t<\/div>\n\t\t\t\t<figcaption class='wp-caption-text gallery-caption' id='gallery-4-577'>\n\t\t\t\tSombrero floral de Teresa Rocamora, fin de curso Escuela de Arte Floral y Dise\u00f1o de Jardines de Catalu\u00f1a a\u00f1o 2015\n\t\t\t\t<\/figcaption><\/figure>\n\t\t<\/div>\n\n<p>La fiesta consisti\u00f3 en el ya tradicional concurso de sombreros florales, dirigido por Francesc Porres, Michaela Schmidt y Jordi Abell\u00f3, profesores de la Escuela. En el concurso, los ganadores fueron: Pablo Ib\u00e1\u00f1ez, alumno de 1\u00ba curso de arte floral, por el sombrero \u201cTorbellino\u201d, inspirado en la obra del arquitecto Gaud\u00ed; Anna Hurt\u00f3s, alumna de 2\u00ba curso de ciclos formativos de arte floral, por el sombrero \u201cLlun\u00e0tic\u201d, inspirado en la obra del pintor Joan Mir\u00f3; Marta del Proposto, alumna del curso de Oficial Florista, por el sombrero \u201cAudrey\u201d; y Teresa Rocamora, antigua alumna de la Escuela, por el sombrero \u201cSelectividad\u201d.<\/p>\n<div id='gallery-5' class='gallery galleryid-561 gallery-columns-3 gallery-size-thumbnail'><figure class='gallery-item'>\n\t\t\t<div class='gallery-icon portrait'>\n\t\t\t\t<a href='https:\/\/www.blogdelflorista.es\/index.php\/2015\/07\/22\/sombreros-florales-nuevos-territorios-para-el-florista\/img_8684-baja-2\/'><img width=\"150\" height=\"150\" src=\"https:\/\/www.blogdelflorista.es\/wp-content\/uploads\/2015\/07\/IMG_8684-BAJA1-150x150.jpg\" class=\"attachment-thumbnail size-thumbnail\" alt=\"\" loading=\"lazy\" aria-describedby=\"gallery-5-588\" \/><\/a>\n\t\t\t<\/div>\n\t\t\t\t<figcaption class='wp-caption-text gallery-caption' id='gallery-5-588'>\n\t\t\t\tSombrero floral fin de curso Escuela de Arte Floral y Dise\u00f1o de Jardines de Catalu\u00f1a a\u00f1o 2015\n\t\t\t\t<\/figcaption><\/figure><figure class='gallery-item'>\n\t\t\t<div class='gallery-icon portrait'>\n\t\t\t\t<a href='https:\/\/www.blogdelflorista.es\/index.php\/2015\/07\/22\/sombreros-florales-nuevos-territorios-para-el-florista\/img_8590-baja\/'><img width=\"150\" height=\"150\" src=\"https:\/\/www.blogdelflorista.es\/wp-content\/uploads\/2015\/07\/IMG_8590-BAJA-150x150.jpg\" class=\"attachment-thumbnail size-thumbnail\" alt=\"\" loading=\"lazy\" aria-describedby=\"gallery-5-587\" \/><\/a>\n\t\t\t<\/div>\n\t\t\t\t<figcaption class='wp-caption-text gallery-caption' id='gallery-5-587'>\n\t\t\t\tSombrero floral fin de curso Escuela de Arte Floral y Dise\u00f1o de Jardines de Catalu\u00f1a a\u00f1o 2015\n\t\t\t\t<\/figcaption><\/figure><figure class='gallery-item'>\n\t\t\t<div class='gallery-icon portrait'>\n\t\t\t\t<a href='https:\/\/www.blogdelflorista.es\/index.php\/2015\/07\/22\/sombreros-florales-nuevos-territorios-para-el-florista\/img_8580-baja-2\/'><img width=\"150\" height=\"150\" src=\"https:\/\/www.blogdelflorista.es\/wp-content\/uploads\/2015\/07\/IMG_8580-BAJA1-150x150.jpg\" class=\"attachment-thumbnail size-thumbnail\" alt=\"\" loading=\"lazy\" aria-describedby=\"gallery-5-586\" \/><\/a>\n\t\t\t<\/div>\n\t\t\t\t<figcaption class='wp-caption-text gallery-caption' id='gallery-5-586'>\n\t\t\t\tSombrero floral fin de curso Escuela de Arte Floral y Dise\u00f1o de Jardines de Catalu\u00f1a a\u00f1o 2015\n\t\t\t\t<\/figcaption><\/figure>\n\t\t<\/div>\n\n<p>En el interior de la Escuela se pod\u00eda ver la exposici\u00f3n de los trabajos de los alumnos de Arte Floral y Dise\u00f1o de Jardines dirigidos por los profesores: Emilio Tinoco, Mireia Rubio, Mireia Fern\u00e1ndez y Daniel Vilana.<\/p>\n<div id='gallery-6' class='gallery galleryid-561 gallery-columns-3 gallery-size-thumbnail'><figure class='gallery-item'>\n\t\t\t<div class='gallery-icon portrait'>\n\t\t\t\t<a href='https:\/\/www.blogdelflorista.es\/index.php\/2015\/07\/22\/sombreros-florales-nuevos-territorios-para-el-florista\/img_8654-baja\/'><img width=\"150\" height=\"150\" src=\"https:\/\/www.blogdelflorista.es\/wp-content\/uploads\/2015\/07\/IMG_8654-BAJA-150x150.jpg\" class=\"attachment-thumbnail size-thumbnail\" alt=\"\" loading=\"lazy\" aria-describedby=\"gallery-6-593\" \/><\/a>\n\t\t\t<\/div>\n\t\t\t\t<figcaption class='wp-caption-text gallery-caption' id='gallery-6-593'>\n\t\t\t\tSombrero floral fin de curso Escuela de Arte Floral y Dise\u00f1o de Jardines de Catalu\u00f1a a\u00f1o 2015\n\t\t\t\t<\/figcaption><\/figure><figure class='gallery-item'>\n\t\t\t<div class='gallery-icon portrait'>\n\t\t\t\t<a href='https:\/\/www.blogdelflorista.es\/index.php\/2015\/07\/22\/sombreros-florales-nuevos-territorios-para-el-florista\/img_8702-baja\/'><img width=\"150\" height=\"150\" src=\"https:\/\/www.blogdelflorista.es\/wp-content\/uploads\/2015\/07\/IMG_8702-BAJA-150x150.jpg\" class=\"attachment-thumbnail size-thumbnail\" alt=\"\" loading=\"lazy\" aria-describedby=\"gallery-6-594\" \/><\/a>\n\t\t\t<\/div>\n\t\t\t\t<figcaption class='wp-caption-text gallery-caption' id='gallery-6-594'>\n\t\t\t\tSombrero floral fin de curso Escuela de Arte Floral y Dise\u00f1o de Jardines de Catalu\u00f1a a\u00f1o 2015\n\t\t\t\t<\/figcaption><\/figure><figure class='gallery-item'>\n\t\t\t<div class='gallery-icon portrait'>\n\t\t\t\t<a href='https:\/\/www.blogdelflorista.es\/index.php\/2015\/07\/22\/sombreros-florales-nuevos-territorios-para-el-florista\/img_8646-baja\/'><img width=\"150\" height=\"150\" src=\"https:\/\/www.blogdelflorista.es\/wp-content\/uploads\/2015\/07\/IMG_8646-BAJA-150x150.jpg\" class=\"attachment-thumbnail size-thumbnail\" alt=\"\" loading=\"lazy\" aria-describedby=\"gallery-6-592\" \/><\/a>\n\t\t\t<\/div>\n\t\t\t\t<figcaption class='wp-caption-text gallery-caption' id='gallery-6-592'>\n\t\t\t\tSombrero floral fin de curso Escuela de Arte Floral y Dise\u00f1o de Jardines de Catalu\u00f1a a\u00f1o 2015\n\t\t\t\t<\/figcaption><\/figure>\n\t\t<\/div>\n\n<p>El concurso se inici\u00f3 de una manera informal en casa de Pere Padr\u00f3s, uno de los profesionales que formar\u00edan, en 1982, el equipo fundador de la Escuela. La idea gust\u00f3 y se implic\u00f3 a toda la entidad. Como viene siendo habitual a\u00f1o tras a\u00f1o, salvo alguna ocasi\u00f3n puntual en la que no se ha podido realizar, el evento re\u00fane a profesores, alumnos, antiguos alumnos y amigos de la Escuela.<\/p>\n<div id='gallery-7' class='gallery galleryid-561 gallery-columns-4 gallery-size-thumbnail'><figure class='gallery-item'>\n\t\t\t<div class='gallery-icon portrait'>\n\t\t\t\t<a href='https:\/\/www.blogdelflorista.es\/index.php\/2015\/07\/22\/sombreros-florales-nuevos-territorios-para-el-florista\/img_8696-baja\/'><img width=\"150\" height=\"150\" src=\"https:\/\/www.blogdelflorista.es\/wp-content\/uploads\/2015\/07\/IMG_8696-BAJA-150x150.jpg\" class=\"attachment-thumbnail size-thumbnail\" alt=\"\" loading=\"lazy\" aria-describedby=\"gallery-7-598\" \/><\/a>\n\t\t\t<\/div>\n\t\t\t\t<figcaption class='wp-caption-text gallery-caption' id='gallery-7-598'>\n\t\t\t\tSombrero floral fin de curso Escuela de Arte Floral y Dise\u00f1o de Jardines de Catalu\u00f1a a\u00f1o 2015\n\t\t\t\t<\/figcaption><\/figure><figure class='gallery-item'>\n\t\t\t<div class='gallery-icon portrait'>\n\t\t\t\t<a href='https:\/\/www.blogdelflorista.es\/index.php\/2015\/07\/22\/sombreros-florales-nuevos-territorios-para-el-florista\/img_8603-baja\/'><img width=\"150\" height=\"150\" src=\"https:\/\/www.blogdelflorista.es\/wp-content\/uploads\/2015\/07\/IMG_8603-BAJA-150x150.jpg\" class=\"attachment-thumbnail size-thumbnail\" alt=\"\" loading=\"lazy\" aria-describedby=\"gallery-7-596\" \/><\/a>\n\t\t\t<\/div>\n\t\t\t\t<figcaption class='wp-caption-text gallery-caption' id='gallery-7-596'>\n\t\t\t\tSombrero floral fin de curso Escuela de Arte Floral y Dise\u00f1o de Jardines de Catalu\u00f1a a\u00f1o 2015\n\t\t\t\t<\/figcaption><\/figure><figure class='gallery-item'>\n\t\t\t<div class='gallery-icon portrait'>\n\t\t\t\t<a href='https:\/\/www.blogdelflorista.es\/index.php\/2015\/07\/22\/sombreros-florales-nuevos-territorios-para-el-florista\/img_8638-baja\/'><img width=\"150\" height=\"150\" src=\"https:\/\/www.blogdelflorista.es\/wp-content\/uploads\/2015\/07\/IMG_8638-BAJA-150x150.jpg\" class=\"attachment-thumbnail size-thumbnail\" alt=\"\" loading=\"lazy\" aria-describedby=\"gallery-7-597\" \/><\/a>\n\t\t\t<\/div>\n\t\t\t\t<figcaption class='wp-caption-text gallery-caption' id='gallery-7-597'>\n\t\t\t\tSombrero floral fin de curso Escuela de Arte Floral y Dise\u00f1o de Jardines de Catalu\u00f1a a\u00f1o 2015\n\t\t\t\t<\/figcaption><\/figure><figure class='gallery-item'>\n\t\t\t<div class='gallery-icon portrait'>\n\t\t\t\t<a href='https:\/\/www.blogdelflorista.es\/index.php\/2015\/07\/22\/sombreros-florales-nuevos-territorios-para-el-florista\/img_8715-baja\/'><img width=\"150\" height=\"150\" src=\"https:\/\/www.blogdelflorista.es\/wp-content\/uploads\/2015\/07\/IMG_8715-BAJA-150x150.jpg\" class=\"attachment-thumbnail size-thumbnail\" alt=\"\" loading=\"lazy\" aria-describedby=\"gallery-7-599\" \/><\/a>\n\t\t\t<\/div>\n\t\t\t\t<figcaption class='wp-caption-text gallery-caption' id='gallery-7-599'>\n\t\t\t\tSombrero floral fin de curso Escuela de Arte Floral y Dise\u00f1o de Jardines de Catalu\u00f1a a\u00f1o 2015\n\t\t\t\t<\/figcaption><\/figure>\n\t\t<\/div>\n\n<p>El sombrero floral en s\u00ed ya lo es; y, sin duda, este tipo de muestras es una herramienta que permite dar a conocer a la sociedad la profesi\u00f3n del florista, especialmente dentro de sectores como la moda y el dise\u00f1o.<\/p>\n<p>&nbsp;<\/p>\n<p><em>Agradecemos a la Escuela de Arte Floral y Dise\u00f1o de Jardines de Catalu\u00f1a su colaboraci\u00f3n en la realizaci\u00f3n de este art\u00edculo<\/em><\/p>\n<p><em>Fotos: Escuela de Arte Floral y Dise\u00f1o de Jardines de Catalu\u00f1a<\/em><\/p>\n<p>&nbsp;<\/p>\n","protected":false},"excerpt":{"rendered":"<p>&nbsp; El sombrero floral es un complemento que gana enteros. Reuniones y eventos sociales son el lugar ideal para lucirlos. El florista tiene ante s\u00ed una oportunidad de aplicar t\u00e9cnica, experiencia profesional y toda su imaginaci\u00f3n en un producto cada d\u00eda m\u00e1s popularizado.<\/p>\n","protected":false},"author":1,"featured_media":562,"comment_status":"open","ping_status":"closed","sticky":false,"template":"","format":"standard","meta":{"_mi_skip_tracking":false},"categories":[4,2],"tags":[30,68,9,83,82,7,17,12,81],"_links":{"self":[{"href":"https:\/\/www.blogdelflorista.es\/index.php\/wp-json\/wp\/v2\/posts\/561"}],"collection":[{"href":"https:\/\/www.blogdelflorista.es\/index.php\/wp-json\/wp\/v2\/posts"}],"about":[{"href":"https:\/\/www.blogdelflorista.es\/index.php\/wp-json\/wp\/v2\/types\/post"}],"author":[{"embeddable":true,"href":"https:\/\/www.blogdelflorista.es\/index.php\/wp-json\/wp\/v2\/users\/1"}],"replies":[{"embeddable":true,"href":"https:\/\/www.blogdelflorista.es\/index.php\/wp-json\/wp\/v2\/comments?post=561"}],"version-history":[{"count":17,"href":"https:\/\/www.blogdelflorista.es\/index.php\/wp-json\/wp\/v2\/posts\/561\/revisions"}],"predecessor-version":[{"id":602,"href":"https:\/\/www.blogdelflorista.es\/index.php\/wp-json\/wp\/v2\/posts\/561\/revisions\/602"}],"wp:featuredmedia":[{"embeddable":true,"href":"https:\/\/www.blogdelflorista.es\/index.php\/wp-json\/wp\/v2\/media\/562"}],"wp:attachment":[{"href":"https:\/\/www.blogdelflorista.es\/index.php\/wp-json\/wp\/v2\/media?parent=561"}],"wp:term":[{"taxonomy":"category","embeddable":true,"href":"https:\/\/www.blogdelflorista.es\/index.php\/wp-json\/wp\/v2\/categories?post=561"},{"taxonomy":"post_tag","embeddable":true,"href":"https:\/\/www.blogdelflorista.es\/index.php\/wp-json\/wp\/v2\/tags?post=561"}],"curies":[{"name":"wp","href":"https:\/\/api.w.org\/{rel}","templated":true}]}}